{"id":43256,"date":"2019-12-18T11:36:30","date_gmt":"2019-12-18T13:36:30","guid":{"rendered":"https:\/\/tvtecjundiai.com.br\/news\/?p=43256"},"modified":"2019-12-18T14:53:12","modified_gmt":"2019-12-18T16:53:12","slug":"container-do-restaurante-madero-e-inaugurado-em-jundiai","status":"publish","type":"post","link":"https:\/\/tvtecjundiai.com.br\/news\/2019\/12\/18\/container-do-restaurante-madero-e-inaugurado-em-jundiai\/","title":{"rendered":"Container do restaurante Madero \u00e9 inaugurado em Jundia\u00ed"},"content":{"rendered":"<div id=\"attachment_43275\" style=\"width: 371px\" class=\"wp-caption alignleft\"><a href=\"https:\/\/tvtecjundiai.com.br\/news\/wp-content\/uploads\/sites\/2\/2019\/12\/WhatsApp-Image-2019-12-18-at-13.18.33.jpeg\"><img loading=\"lazy\" decoding=\"async\" aria-describedby=\"caption-attachment-43275\" class=\"wp-image-43275\" src=\"https:\/\/tvtecjundiai.com.br\/news\/wp-content\/uploads\/sites\/2\/2019\/12\/WhatsApp-Image-2019-12-18-at-13.18.33-300x225.jpeg\" alt=\"\" width=\"361\" height=\"271\" srcset=\"https:\/\/tvtecjundiai.com.br\/news\/wp-content\/uploads\/sites\/2\/2019\/12\/WhatsApp-Image-2019-12-18-at-13.18.33-300x225.jpeg 300w, https:\/\/tvtecjundiai.com.br\/news\/wp-content\/uploads\/sites\/2\/2019\/12\/WhatsApp-Image-2019-12-18-at-13.18.33-768x576.jpeg 768w, https:\/\/tvtecjundiai.com.br\/news\/wp-content\/uploads\/sites\/2\/2019\/12\/WhatsApp-Image-2019-12-18-at-13.18.33-1200x900.jpeg 1200w, https:\/\/tvtecjundiai.com.br\/news\/wp-content\/uploads\/sites\/2\/2019\/12\/WhatsApp-Image-2019-12-18-at-13.18.33.jpeg 1280w\" sizes=\"auto, (max-width: 361px) 100vw, 361px\" \/><\/a><p id=\"caption-attachment-43275\" class=\"wp-caption-text\">Essa \u00e9 mais uma aposta da empresa que conta com mais de 180 lojas e quatro outras marcas.<\/p><\/div>\n<p>Quem passa pela Av. Prefeito Lu\u00eds Latorre, ao lado do Mc Donalds, j\u00e1 enxerga a nova unidade do restaurante Madero posicionado.<\/p>\n<p>Cheia de modernidade, a arquitetura foi assinada pela profissional Kethlen Ribas Durski.<\/p>\n<p>A inaugura\u00e7\u00e3o aconteceu durante este m\u00eas de dezembro, com tra\u00e7os cl\u00e1ssicos do restaurante: boa comida e bela decora\u00e7\u00e3o. Essa \u00e9 mais uma aposta da empresa que conta com mais de 180 lojas e quatro outras marcas.<\/p>\n<p><em>(Fonte: Portal Tudo\/Imagem: TVTEC)<\/em><\/p>\n<p>&nbsp;<\/p>\n<p>&nbsp;<\/p>\n<p>&nbsp;<\/p>\n<p>&nbsp;<\/p>\n<p>&nbsp;<\/p>\n","protected":false},"excerpt":{"rendered":"<p>Essa \u00e9 mais uma aposta da empresa que conta com mais de 180 lojas e quatro outras marcas.\u00a0<\/p>\n","protected":false},"author":13,"featured_media":43276,"comment_status":"closed","ping_status":"closed","sticky":false,"template":"","format":"standard","meta":{"footnotes":""},"categories":[2834,1],"tags":[],"class_list":["post-43256","post","type-post","status-publish","format-standard","has-post-thumbnail","hentry","category-cidades","category-noticias"],"_links":{"self":[{"href":"https:\/\/tvtecjundiai.com.br\/news\/wp-json\/wp\/v2\/posts\/43256","targetHints":{"allow":["GET"]}}],"collection":[{"href":"https:\/\/tvtecjundiai.com.br\/news\/wp-json\/wp\/v2\/posts"}],"about":[{"href":"https:\/\/tvtecjundiai.com.br\/news\/wp-json\/wp\/v2\/types\/post"}],"author":[{"embeddable":true,"href":"https:\/\/tvtecjundiai.com.br\/news\/wp-json\/wp\/v2\/users\/13"}],"replies":[{"embeddable":true,"href":"https:\/\/tvtecjundiai.com.br\/news\/wp-json\/wp\/v2\/comments?post=43256"}],"version-history":[{"count":3,"href":"https:\/\/tvtecjundiai.com.br\/news\/wp-json\/wp\/v2\/posts\/43256\/revisions"}],"predecessor-version":[{"id":43277,"href":"https:\/\/tvtecjundiai.com.br\/news\/wp-json\/wp\/v2\/posts\/43256\/revisions\/43277"}],"wp:featuredmedia":[{"embeddable":true,"href":"https:\/\/tvtecjundiai.com.br\/news\/wp-json\/wp\/v2\/media\/43276"}],"wp:attachment":[{"href":"https:\/\/tvtecjundiai.com.br\/news\/wp-json\/wp\/v2\/media?parent=43256"}],"wp:term":[{"taxonomy":"category","embeddable":true,"href":"https:\/\/tvtecjundiai.com.br\/news\/wp-json\/wp\/v2\/categories?post=43256"},{"taxonomy":"post_tag","embeddable":true,"href":"https:\/\/tvtecjundiai.com.br\/news\/wp-json\/wp\/v2\/tags?post=43256"}],"curies":[{"name":"wp","href":"https:\/\/api.w.org\/{rel}","templated":true}]}}