{"id":43272,"date":"2019-12-18T12:57:01","date_gmt":"2019-12-18T14:57:01","guid":{"rendered":"https:\/\/tvtecjundiai.com.br\/news\/?p=43272"},"modified":"2019-12-18T12:57:01","modified_gmt":"2019-12-18T14:57:01","slug":"museu-da-lingua-portuguesa-sera-reinaugurado-em-2020","status":"publish","type":"post","link":"https:\/\/tvtecjundiai.com.br\/news\/2019\/12\/18\/museu-da-lingua-portuguesa-sera-reinaugurado-em-2020\/","title":{"rendered":"Museu da L\u00edngua Portuguesa ser\u00e1 reinaugurado em 2020"},"content":{"rendered":"<p>O Museu da L\u00edngua Portuguesa j\u00e1 tem data para reabrir as portas ao p\u00fablico: 27 de junho de 2020. O an\u00fancio da conclus\u00e3o da restaura\u00e7\u00e3o e da reabertura foi feito pelo governador de S\u00e3o Paulo, Jo\u00e3o Doria, e secret\u00e1rio de Cultura e Economia Criativa, S\u00e9rgio S\u00e1 Leit\u00e3o, durante visita ao local na segunda-feira (16).<\/p>\n<div id=\"attachment_43273\" style=\"width: 461px\" class=\"wp-caption alignright\"><a href=\"https:\/\/tvtecjundiai.com.br\/news\/wp-content\/uploads\/sites\/2\/2019\/12\/iigvb0awKebUZwLaWrwymyoXVaxaInXDFgyWJaGJLMi0AfSB3Ohx2HHGYORJ18cZE7p22wq7OYvt7O7b.jpg\"><img loading=\"lazy\" decoding=\"async\" aria-describedby=\"caption-attachment-43273\" class=\"wp-image-43273\" src=\"https:\/\/tvtecjundiai.com.br\/news\/wp-content\/uploads\/sites\/2\/2019\/12\/iigvb0awKebUZwLaWrwymyoXVaxaInXDFgyWJaGJLMi0AfSB3Ohx2HHGYORJ18cZE7p22wq7OYvt7O7b-300x200.jpg\" alt=\"\" width=\"451\" height=\"300\" srcset=\"https:\/\/tvtecjundiai.com.br\/news\/wp-content\/uploads\/sites\/2\/2019\/12\/iigvb0awKebUZwLaWrwymyoXVaxaInXDFgyWJaGJLMi0AfSB3Ohx2HHGYORJ18cZE7p22wq7OYvt7O7b-300x200.jpg 300w, https:\/\/tvtecjundiai.com.br\/news\/wp-content\/uploads\/sites\/2\/2019\/12\/iigvb0awKebUZwLaWrwymyoXVaxaInXDFgyWJaGJLMi0AfSB3Ohx2HHGYORJ18cZE7p22wq7OYvt7O7b.jpg 612w\" sizes=\"auto, (max-width: 451px) 100vw, 451px\" \/><\/a><p id=\"caption-attachment-43273\" class=\"wp-caption-text\">Local estava fechado desde 2015, ap\u00f3s ser destru\u00eddo por um inc\u00eandio<\/p><\/div>\n<p>A restaura\u00e7\u00e3o incluiu servi\u00e7os de recupera\u00e7\u00e3o de fachadas e esquadrias, e reconstru\u00e7\u00e3o da cobertura e espa\u00e7os internos. Tamb\u00e9m foram realizadas a\u00e7\u00f5es de conserva\u00e7\u00e3o da cobertura da ala oeste, que n\u00e3o foi atingida pelo inc\u00eandio.<\/p>\n<p>O restauro trouxe melhorias de infraestrutura e seguran\u00e7a contra inc\u00eandios, como a instala\u00e7\u00e3o de chuveiros autom\u00e1ticos. O museu tamb\u00e9m ter\u00e1 certifica\u00e7\u00e3o ambiental e atender\u00e1 de forma mais ampla a acessibilidade.<\/p>\n<p>H\u00e1 diretrizes de sustentabilidade, como a ado\u00e7\u00e3o de t\u00e9cnicas para economia de energia na opera\u00e7\u00e3o do museu; a gest\u00e3o de res\u00edduos durante as obras; e a utiliza\u00e7\u00e3o de madeira que atende \u00e0s exig\u00eancias de sustentabilidade (certificada e de demoli\u00e7\u00e3o). Para a constru\u00e7\u00e3o da nova cobertura, foram empregadas 89 toneladas (67 m\u00b3) de madeira certificada proveniente da Amaz\u00f4nia.<\/p>\n<p>A \u00e1rea ocupada pelo Museu foi expandida, com novos espa\u00e7os, como um caf\u00e9 no terra\u00e7o com vista para o Parque da Luz e integra\u00e7\u00e3o dos p\u00e1tios laterais, que dar\u00e3o acesso aos sagu\u00f5es e o local em que \u00e9 poss\u00edvel observar a Esta\u00e7\u00e3o da Luz.<\/p>\n<p>Localizado no antigo pr\u00e9dio da Esta\u00e7\u00e3o da Luz, em 2015, o museu foi destru\u00eddo por um inc\u00eandio que culminou com a morte de um bombeiro. Em quase 10 anos de funcionamento, o museu recebeu cerca de 4 milh\u00f5es de visitantes.<\/p>\n<p>Antes da reinaugura\u00e7\u00e3o o governo estadual dever\u00e1 providenciar a instala\u00e7\u00e3o<br \/>\nda museografia e a sele\u00e7\u00e3o da organiza\u00e7\u00e3o social respons\u00e1vel pela gest\u00e3o. O<br \/>\nedital de contrata\u00e7\u00e3o j\u00e1 foi lan\u00e7ado e a data final para recebimento das<br \/>\npropostas \u00e9 29 de janeiro. \u201cN\u00f3s teremos aqui um Centro de Refer\u00eancia e Estudos da l\u00edngua portuguesa. Ent\u00e3o teremos n\u00e3o apenas uma \u00e1rea voltada ao p\u00fablico em geral, mas tamb\u00e9m um espa\u00e7o para pesquisadores, estudiosos e outro para debates e semin\u00e1rios sobre a l\u00edngua portuguesa e a diversidade cultural como temas principais\u201d, disse o secret\u00e1rio.<\/p>\n<p>A reconstru\u00e7\u00e3o foi aprovada e acompanhada de perto, em todas as etapas, pelos tr\u00eas \u00f3rg\u00e3os do patrim\u00f4nio hist\u00f3rico: Iphan (Instituto do Patrim\u00f4nio Hist\u00f3rico e Art\u00edstico Nacional), Condephaat (Conselho de Defesa do Patrim\u00f4nio Hist\u00f3rico, Arqueol\u00f3gico, Art\u00edstico e Tur\u00edstico) e Conpresp (Conselho Municipal de Preserva\u00e7\u00e3o do Patrim\u00f4nio Hist\u00f3rico, Cultural e Ambiental da Cidade de S\u00e3o Paulo).<\/p>\n<p>\u201cO Museu da L\u00edngua Portuguesa, agora reconstru\u00eddo, retoma sua voca\u00e7\u00e3o de espa\u00e7o de educa\u00e7\u00e3o por excel\u00eancia, em que patrim\u00f4nio hist\u00f3rico, experi\u00eancias museol\u00f3gicas e a\u00e7\u00f5es educativas se complementam e se comunicam para celebrar nosso maior patrim\u00f4nio imaterial, o nosso idioma\u201d, diz Lucia Basto, gerente geral de Patrim\u00f4nio e Cultura da Funda\u00e7\u00e3o Roberto Marinho, entidade parceira na reconstru\u00e7\u00e3o do museu.<\/p>\n<p>Ao longo do primeiro semestre de 2020 ser\u00e3o realizadas atividades culturais com o objetivo de manter o museu em comunica\u00e7\u00e3o com o p\u00fablico antes de sua reabertura. Entre as a\u00e7\u00f5es est\u00e1 o Programa Educativo Escola, Museu e Territ\u00f3rio, que<br \/>\nenvolve escolas e institui\u00e7\u00f5es culturais da regi\u00e3o.<\/p>\n<p><em>(Fonte: Folha de S. Paulo\/Imagem: Publishnews)<\/em><\/p>\n","protected":false},"excerpt":{"rendered":"<p>Local estava fechado desde 2015, ap\u00f3s ser destru\u00eddo por um inc\u00eandio<\/p>\n","protected":false},"author":13,"featured_media":43273,"comment_status":"closed","ping_status":"closed","sticky":false,"template":"","format":"standard","meta":{"footnotes":""},"categories":[2834,1],"tags":[],"class_list":["post-43272","post","type-post","status-publish","format-standard","has-post-thumbnail","hentry","category-cidades","category-noticias"],"_links":{"self":[{"href":"https:\/\/tvtecjundiai.com.br\/news\/wp-json\/wp\/v2\/posts\/43272","targetHints":{"allow":["GET"]}}],"collection":[{"href":"https:\/\/tvtecjundiai.com.br\/news\/wp-json\/wp\/v2\/posts"}],"about":[{"href":"https:\/\/tvtecjundiai.com.br\/news\/wp-json\/wp\/v2\/types\/post"}],"author":[{"embeddable":true,"href":"https:\/\/tvtecjundiai.com.br\/news\/wp-json\/wp\/v2\/users\/13"}],"replies":[{"embeddable":true,"href":"https:\/\/tvtecjundiai.com.br\/news\/wp-json\/wp\/v2\/comments?post=43272"}],"version-history":[{"count":1,"href":"https:\/\/tvtecjundiai.com.br\/news\/wp-json\/wp\/v2\/posts\/43272\/revisions"}],"predecessor-version":[{"id":43274,"href":"https:\/\/tvtecjundiai.com.br\/news\/wp-json\/wp\/v2\/posts\/43272\/revisions\/43274"}],"wp:featuredmedia":[{"embeddable":true,"href":"https:\/\/tvtecjundiai.com.br\/news\/wp-json\/wp\/v2\/media\/43273"}],"wp:attachment":[{"href":"https:\/\/tvtecjundiai.com.br\/news\/wp-json\/wp\/v2\/media?parent=43272"}],"wp:term":[{"taxonomy":"category","embeddable":true,"href":"https:\/\/tvtecjundiai.com.br\/news\/wp-json\/wp\/v2\/categories?post=43272"},{"taxonomy":"post_tag","embeddable":true,"href":"https:\/\/tvtecjundiai.com.br\/news\/wp-json\/wp\/v2\/tags?post=43272"}],"curies":[{"name":"wp","href":"https:\/\/api.w.org\/{rel}","templated":true}]}}