{"id":43282,"date":"2019-12-18T15:48:29","date_gmt":"2019-12-18T17:48:29","guid":{"rendered":"https:\/\/tvtecjundiai.com.br\/news\/?p=43282"},"modified":"2019-12-18T15:55:50","modified_gmt":"2019-12-18T17:55:50","slug":"parada-da-uva-passa-pelo-centro-de-jundiai-nesta-quinta-19","status":"publish","type":"post","link":"https:\/\/tvtecjundiai.com.br\/news\/2019\/12\/18\/parada-da-uva-passa-pelo-centro-de-jundiai-nesta-quinta-19\/","title":{"rendered":"Parada da Uva passa pelo Centro de Jundia\u00ed nesta quinta (19)"},"content":{"rendered":"<div id=\"attachment_43283\" style=\"width: 460px\" class=\"wp-caption alignleft\"><a href=\"https:\/\/tvtecjundiai.com.br\/news\/wp-content\/uploads\/sites\/2\/2019\/12\/carreata-festa-da-uva_c_-6.jpg\"><img loading=\"lazy\" decoding=\"async\" aria-describedby=\"caption-attachment-43283\" class=\"wp-image-43283\" src=\"https:\/\/tvtecjundiai.com.br\/news\/wp-content\/uploads\/sites\/2\/2019\/12\/carreata-festa-da-uva_c_-6.jpg\" alt=\"\" width=\"450\" height=\"300\" srcset=\"https:\/\/tvtecjundiai.com.br\/news\/wp-content\/uploads\/sites\/2\/2019\/12\/carreata-festa-da-uva_c_-6.jpg 1280w, https:\/\/tvtecjundiai.com.br\/news\/wp-content\/uploads\/sites\/2\/2019\/12\/carreata-festa-da-uva_c_-6-300x200.jpg 300w, https:\/\/tvtecjundiai.com.br\/news\/wp-content\/uploads\/sites\/2\/2019\/12\/carreata-festa-da-uva_c_-6-768x512.jpg 768w, https:\/\/tvtecjundiai.com.br\/news\/wp-content\/uploads\/sites\/2\/2019\/12\/carreata-festa-da-uva_c_-6-1200x800.jpg 1200w\" sizes=\"auto, (max-width: 450px) 100vw, 450px\" \/><\/a><p id=\"caption-attachment-43283\" class=\"wp-caption-text\">Parada ir\u00e1 percorrer as ruas do Centro para divulgar a tradicional festa jundiaiense<\/p><\/div>\n<p>As ruas do Centro da cidade receber\u00e3o na noite desta quinta-feira (19) a tradicional Parada da Uva, que divulga e comemora com a popula\u00e7\u00e3o a\u00a0<a href=\"https:\/\/festadauva.jundiai.sp.gov.br\/\" target=\"_blank\" rel=\"noopener noreferrer\">37\u00aa Festa da Uva e 8\u00aa Expo Vinhos<\/a>, que se aproximam. A concentra\u00e7\u00e3o da Parada come\u00e7a \u00e0s 18h, na Rua Bar\u00e3o de Jundia\u00ed, na altura da esquina da rua Siqueira de Moraes, e a partida do cortejo est\u00e1 marcada para as 19h.<\/p>\n<p>Al\u00e9m da rainha e princesa da Corte da Uva 2020, participar\u00e3o da Parada representantes das Cortes dos anos anteriores, al\u00e9m dos vinhateiros. Em parceria com o com\u00e9rcio da regi\u00e3o central, est\u00e3o programadas outras atra\u00e7\u00f5es musicais, como baterias de escolas de samba.<\/p>\n<p>A 37\u00aa Festa da Uva e 8\u00aa Expo Vinhos ser\u00e1 realizada nos dias 16, 17, 18, 19, 24, 25, 26 e 31 de janeiro e 01 e 02 de fevereiro do ano que vem no Parque Comendador Ant\u00f4nio Carbonari (Parque da Uva). A abertura ser\u00e1 no dia 16 (quinta-feira), \u00e0s 18h. J\u00e1 \u00e0s sextas-feiras, a Festa vai das 18h \u00e0s 22h; aos s\u00e1bados, das 10h \u00e0s 22h; e aos domingos, das 10h \u00e0s 21h.<\/p>\n<p><em>(Prefeitura de Jundia\u00ed)<\/em><\/p>\n","protected":false},"excerpt":{"rendered":"<p>Parada vai percorrer as ruas do Centro para divulgar a Festa da Uva<\/p>\n","protected":false},"author":10,"featured_media":0,"comment_status":"closed","ping_status":"closed","sticky":false,"template":"","format":"standard","meta":{"footnotes":""},"categories":[2834,2833,29,2825],"tags":[],"class_list":["post-43282","post","type-post","status-publish","format-standard","hentry","category-cidades","category-cultura","category-destaque","category-turismo"],"_links":{"self":[{"href":"https:\/\/tvtecjundiai.com.br\/news\/wp-json\/wp\/v2\/posts\/43282","targetHints":{"allow":["GET"]}}],"collection":[{"href":"https:\/\/tvtecjundiai.com.br\/news\/wp-json\/wp\/v2\/posts"}],"about":[{"href":"https:\/\/tvtecjundiai.com.br\/news\/wp-json\/wp\/v2\/types\/post"}],"author":[{"embeddable":true,"href":"https:\/\/tvtecjundiai.com.br\/news\/wp-json\/wp\/v2\/users\/10"}],"replies":[{"embeddable":true,"href":"https:\/\/tvtecjundiai.com.br\/news\/wp-json\/wp\/v2\/comments?post=43282"}],"version-history":[{"count":2,"href":"https:\/\/tvtecjundiai.com.br\/news\/wp-json\/wp\/v2\/posts\/43282\/revisions"}],"predecessor-version":[{"id":43285,"href":"https:\/\/tvtecjundiai.com.br\/news\/wp-json\/wp\/v2\/posts\/43282\/revisions\/43285"}],"wp:attachment":[{"href":"https:\/\/tvtecjundiai.com.br\/news\/wp-json\/wp\/v2\/media?parent=43282"}],"wp:term":[{"taxonomy":"category","embeddable":true,"href":"https:\/\/tvtecjundiai.com.br\/news\/wp-json\/wp\/v2\/categories?post=43282"},{"taxonomy":"post_tag","embeddable":true,"href":"https:\/\/tvtecjundiai.com.br\/news\/wp-json\/wp\/v2\/tags?post=43282"}],"curies":[{"name":"wp","href":"https:\/\/api.w.org\/{rel}","templated":true}]}}