{"id":43286,"date":"2019-12-18T16:06:37","date_gmt":"2019-12-18T18:06:37","guid":{"rendered":"https:\/\/tvtecjundiai.com.br\/news\/?p=43286"},"modified":"2019-12-19T12:42:38","modified_gmt":"2019-12-19T14:42:38","slug":"campanha-de-natal-leva-nome-de-jundiaiense-desaparecido-em-brumadinho","status":"publish","type":"post","link":"https:\/\/tvtecjundiai.com.br\/news\/2019\/12\/18\/campanha-de-natal-leva-nome-de-jundiaiense-desaparecido-em-brumadinho\/","title":{"rendered":"Campanha de Natal leva nome de jundiaiense desaparecido em Brumadinho"},"content":{"rendered":"<p>O Projeto Lu\u00eds Felipe Alves &#8211; Ra\u00e7a Tricolor Natal 2019 termina nesta quinta-feira (19) a arrecada\u00e7\u00e3o de alimentos e brinquedos para doar \u00e0 popula\u00e7\u00e3o carente de Jundia\u00ed. Trata-se de uma campanha beneficente que a mem\u00f3ria do engenheiro jundiaiense Lu\u00eds Felipe Alves que aos 30 anos, acabou contado entre as v\u00edtimas fatais da trag\u00e9dia de Brumadinho (MG), em 25 de janeiro deste ano. Ele era filho da jornalista S\u00edlvia Helena Ferraz\u00a0 Santos.<\/p>\n<div id=\"attachment_43288\" style=\"width: 411px\" class=\"wp-caption alignright\"><a href=\"https:\/\/tvtecjundiai.com.br\/news\/wp-content\/uploads\/sites\/2\/2019\/12\/luis-felipe_brumadinho-1.jpg\"><img loading=\"lazy\" decoding=\"async\" aria-describedby=\"caption-attachment-43288\" class=\"wp-image-43288\" src=\"https:\/\/tvtecjundiai.com.br\/news\/wp-content\/uploads\/sites\/2\/2019\/12\/luis-felipe_brumadinho-1-300x223.jpg\" alt=\"\" width=\"401\" height=\"298\" srcset=\"https:\/\/tvtecjundiai.com.br\/news\/wp-content\/uploads\/sites\/2\/2019\/12\/luis-felipe_brumadinho-1-300x223.jpg 300w, https:\/\/tvtecjundiai.com.br\/news\/wp-content\/uploads\/sites\/2\/2019\/12\/luis-felipe_brumadinho-1.jpg 710w\" sizes=\"auto, (max-width: 401px) 100vw, 401px\" \/><\/a><p id=\"caption-attachment-43288\" class=\"wp-caption-text\">S\u00edlvia Helena com Lu\u00eds Felipe, o filho desaparecido na trag\u00e9dia de Brumadinho, homenageado pela campanha solid\u00e1ria<\/p><\/div>\n<p>\u201cEu e minha fam\u00edlia, meus filhos, queremos manter acesa a chama da simplicidade, da bondade e o grande cora\u00e7\u00e3o, tudo isso e muito mais que t\u00e3o bem caracterizavam o meu filho Lu\u00eds Felipe. Nos \u00faltimos anos ele sempre arrecadou alimentos e brinquedos para doar aos mais necessitados\u201d, informa a jornalista emocionada. \u201cA iniciativa tem for\u00e7a e a grande amizade da torcida organizada Ra\u00e7a Tricolor, da qual ele fazia parte com muito carinho e orgulho. Tenho certeza de que ele tem o Paulista Futebol Clube &#8211; eternamente no cora\u00e7\u00e3o\u201d.<\/p>\n<p>As doa\u00e7\u00f5es podem ser feitas no Hotel Red Roof &#8211; Rua Sakai Massau, 1, na Vila Hortol\u00e2ndia, aos cuidados de MARIANA; na M\u00f3veis S\u00e3o Jorge, Avenida Antonio Frederico Ozanan, 4.600, na Ponte S\u00e3o Jo\u00e3o;e tamb\u00e9m no Est\u00e1dio Jayme Cintra \u2013 Avenida Jurandir de Souza Lima, 1 &#8211; Jardim Pacaembu, nos dois locais aos cuidados de Mohamed. No ato da entrega, o doador deve mencionar a Campanha de Natal Projeto Lu\u00eds Felipe Alves\/Ra\u00e7a Tricolor.<\/p>\n","protected":false},"excerpt":{"rendered":"<p>O evento tem o apoio da Ra\u00e7a Tricolor, torcida do Paulista Futebol Clube<\/p>\n","protected":false},"author":8,"featured_media":43287,"comment_status":"closed","ping_status":"closed","sticky":false,"template":"","format":"standard","meta":{"footnotes":""},"categories":[2834,5706,1],"tags":[],"class_list":["post-43286","post","type-post","status-publish","format-standard","has-post-thumbnail","hentry","category-cidades","category-inclusao","category-noticias"],"_links":{"self":[{"href":"https:\/\/tvtecjundiai.com.br\/news\/wp-json\/wp\/v2\/posts\/43286","targetHints":{"allow":["GET"]}}],"collection":[{"href":"https:\/\/tvtecjundiai.com.br\/news\/wp-json\/wp\/v2\/posts"}],"about":[{"href":"https:\/\/tvtecjundiai.com.br\/news\/wp-json\/wp\/v2\/types\/post"}],"author":[{"embeddable":true,"href":"https:\/\/tvtecjundiai.com.br\/news\/wp-json\/wp\/v2\/users\/8"}],"replies":[{"embeddable":true,"href":"https:\/\/tvtecjundiai.com.br\/news\/wp-json\/wp\/v2\/comments?post=43286"}],"version-history":[{"count":2,"href":"https:\/\/tvtecjundiai.com.br\/news\/wp-json\/wp\/v2\/posts\/43286\/revisions"}],"predecessor-version":[{"id":43345,"href":"https:\/\/tvtecjundiai.com.br\/news\/wp-json\/wp\/v2\/posts\/43286\/revisions\/43345"}],"wp:featuredmedia":[{"embeddable":true,"href":"https:\/\/tvtecjundiai.com.br\/news\/wp-json\/wp\/v2\/media\/43287"}],"wp:attachment":[{"href":"https:\/\/tvtecjundiai.com.br\/news\/wp-json\/wp\/v2\/media?parent=43286"}],"wp:term":[{"taxonomy":"category","embeddable":true,"href":"https:\/\/tvtecjundiai.com.br\/news\/wp-json\/wp\/v2\/categories?post=43286"},{"taxonomy":"post_tag","embeddable":true,"href":"https:\/\/tvtecjundiai.com.br\/news\/wp-json\/wp\/v2\/tags?post=43286"}],"curies":[{"name":"wp","href":"https:\/\/api.w.org\/{rel}","templated":true}]}}