{"id":43290,"date":"2019-12-18T16:59:48","date_gmt":"2019-12-18T18:59:48","guid":{"rendered":"https:\/\/tvtecjundiai.com.br\/news\/?p=43290"},"modified":"2019-12-18T16:59:48","modified_gmt":"2019-12-18T18:59:48","slug":"parada-divulga-festa-da-uva-e-expo-vinhos-no-centro-de-jundiai","status":"publish","type":"post","link":"https:\/\/tvtecjundiai.com.br\/news\/2019\/12\/18\/parada-divulga-festa-da-uva-e-expo-vinhos-no-centro-de-jundiai\/","title":{"rendered":"Parada divulga Festa da Uva e Expo Vinhos no Centro de Jundia\u00ed"},"content":{"rendered":"<p>As ruas do Centro da cidade receber\u00e3o na noite desta quinta-feira (19) a tradicional Parada da Uva, que divulga e comemora com a popula\u00e7\u00e3o a\u00a0<a href=\"https:\/\/festadauva.jundiai.sp.gov.br\/\" target=\"_blank\" rel=\"noopener noreferrer\">37\u00aa Festa da Uva e 8\u00aa Expo Vinhos<\/a>, que se aproximam. A concentra\u00e7\u00e3o da Parada come\u00e7a \u00e0s 18 horas, na Rua Bar\u00e3o de Jundia\u00ed, na altura da esquina da rua Siqueira de Moraes, e a partida do cortejo est\u00e1 marcada para as 19 horas.<\/p>\n<div id=\"attachment_241684\" style=\"width: 401px\" class=\"wp-caption alignright\"><img loading=\"lazy\" decoding=\"async\" aria-describedby=\"caption-attachment-241684\" class=\"wp-image-241684\" src=\"https:\/\/jundiai.sp.gov.br\/noticias\/wp-content\/uploads\/sites\/32\/2019\/12\/carreata-festa-da-uva_c_-6-1280x853.jpg\" sizes=\"auto, (max-width: 1024px) 100vw, 1024px\" srcset=\"https:\/\/jundiai.sp.gov.br\/noticias\/wp-content\/uploads\/sites\/32\/2019\/12\/carreata-festa-da-uva_c_-6-1280x853.jpg 1280w, https:\/\/jundiai.sp.gov.br\/noticias\/wp-content\/uploads\/sites\/32\/2019\/12\/carreata-festa-da-uva_c_-6-300x200.jpg 300w, https:\/\/jundiai.sp.gov.br\/noticias\/wp-content\/uploads\/sites\/32\/2019\/12\/carreata-festa-da-uva_c_-6-768x512.jpg 768w, https:\/\/jundiai.sp.gov.br\/noticias\/wp-content\/uploads\/sites\/32\/2019\/12\/carreata-festa-da-uva_c_-6-450x300.jpg 450w, https:\/\/jundiai.sp.gov.br\/noticias\/wp-content\/uploads\/sites\/32\/2019\/12\/carreata-festa-da-uva_c_-6.jpg 1323w\" alt=\"Caminh\u00e3o com caixas de futas diversas em movimento em rua\" width=\"391\" height=\"260\" aria-describedby=\"caption-attachment-241684\" \/><p id=\"caption-attachment-241684\" class=\"wp-caption-text\">Parada ir\u00e1 percorrer as ruas do Centro para divulgar a tradicional festa jundiaiense<\/p><\/div>\n<p>Al\u00e9m da rainha e princesa da Corte da Uva 2020, participar\u00e3o da Parada representantes das Cortes dos anos anteriores, al\u00e9m dos vinhateiros. Em parceria com o com\u00e9rcio da regi\u00e3o central, est\u00e3o programadas outras atra\u00e7\u00f5es musicais, como baterias de escolas de samba.<\/p>\n<p><a href=\"https:\/\/www.flickr.com\/photos\/prefeituradejundiai\/albums\/72157711780255392\" target=\"_blank\" rel=\"noopener noreferrer\">CONFIRA AS FOTOS DA CORTE DA UVA 2020<\/a><\/p>\n<p>A 37\u00aa Festa da Uva e 8\u00aa Expo Vinhos ser\u00e1 realizada nos dias 16, 17, 18, 19, 24, 25, 26 e 31 de janeiro e 1 e 2 de fevereiro do ano que vem no Parque Comendador Ant\u00f4nio Carbonari (Parque da Uva). A abertura ser\u00e1 no dia 16 (quinta-feira), \u00e0s 18 horas. J\u00e1 \u00e0s sextas-feiras, a Festa vai das 18 \u00e0s 22 horas; aos s\u00e1bados, das 10 \u00e0s 22 horas; e aos domingos, das 10 \u00e0s 21 horas.<\/p>\n<p><em>(Fonte e imagens: Prefeitura de Jundia\u00ed)<\/em><\/p>\n","protected":false},"excerpt":{"rendered":"<p>As ruas do Centro da cidade recebem na quinta (19) a tradicional Parada da Uva<\/p>\n","protected":false},"author":8,"featured_media":43291,"comment_status":"closed","ping_status":"closed","sticky":false,"template":"","format":"standard","meta":{"footnotes":""},"categories":[2833,29,1],"tags":[6174],"class_list":["post-43290","post","type-post","status-publish","format-standard","has-post-thumbnail","hentry","category-cultura","category-destaque","category-noticias","tag-parada-da-uva"],"_links":{"self":[{"href":"https:\/\/tvtecjundiai.com.br\/news\/wp-json\/wp\/v2\/posts\/43290","targetHints":{"allow":["GET"]}}],"collection":[{"href":"https:\/\/tvtecjundiai.com.br\/news\/wp-json\/wp\/v2\/posts"}],"about":[{"href":"https:\/\/tvtecjundiai.com.br\/news\/wp-json\/wp\/v2\/types\/post"}],"author":[{"embeddable":true,"href":"https:\/\/tvtecjundiai.com.br\/news\/wp-json\/wp\/v2\/users\/8"}],"replies":[{"embeddable":true,"href":"https:\/\/tvtecjundiai.com.br\/news\/wp-json\/wp\/v2\/comments?post=43290"}],"version-history":[{"count":1,"href":"https:\/\/tvtecjundiai.com.br\/news\/wp-json\/wp\/v2\/posts\/43290\/revisions"}],"predecessor-version":[{"id":43292,"href":"https:\/\/tvtecjundiai.com.br\/news\/wp-json\/wp\/v2\/posts\/43290\/revisions\/43292"}],"wp:featuredmedia":[{"embeddable":true,"href":"https:\/\/tvtecjundiai.com.br\/news\/wp-json\/wp\/v2\/media\/43291"}],"wp:attachment":[{"href":"https:\/\/tvtecjundiai.com.br\/news\/wp-json\/wp\/v2\/media?parent=43290"}],"wp:term":[{"taxonomy":"category","embeddable":true,"href":"https:\/\/tvtecjundiai.com.br\/news\/wp-json\/wp\/v2\/categories?post=43290"},{"taxonomy":"post_tag","embeddable":true,"href":"https:\/\/tvtecjundiai.com.br\/news\/wp-json\/wp\/v2\/tags?post=43290"}],"curies":[{"name":"wp","href":"https:\/\/api.w.org\/{rel}","templated":true}]}}