{"id":43293,"date":"2019-12-18T17:43:23","date_gmt":"2019-12-18T19:43:23","guid":{"rendered":"https:\/\/tvtecjundiai.com.br\/news\/?p=43293"},"modified":"2019-12-18T18:36:04","modified_gmt":"2019-12-18T20:36:04","slug":"readequacao-de-horarios-inclui-17-linhas-de-onibus-de-jundiai","status":"publish","type":"post","link":"https:\/\/tvtecjundiai.com.br\/news\/2019\/12\/18\/readequacao-de-horarios-inclui-17-linhas-de-onibus-de-jundiai\/","title":{"rendered":"Readequa\u00e7\u00e3o de hor\u00e1rios inclui 17 linhas de \u00f4nibus de Jundia\u00ed"},"content":{"rendered":"<p>A Unidade de Gest\u00e3o de Mobilidade e Transporte (UGMT) de Jundia\u00ed vai fazer a readequa\u00e7\u00e3o de hor\u00e1rios de 17 linhas de \u00f4nibus urbanos da cidade de 26 de dezembro de 2019 a 31 de janeiro de 2020. O motivo \u00e9 o per\u00edodo de f\u00e9rias escolares. Depois disso, retornam os hor\u00e1rios normais.<\/p>\n<div id=\"attachment_43295\" style=\"width: 510px\" class=\"wp-caption alignright\"><a href=\"https:\/\/tvtecjundiai.com.br\/news\/wp-content\/uploads\/sites\/2\/2019\/12\/movimentacao_onibus-187-1280x854.jpg\"><img loading=\"lazy\" decoding=\"async\" aria-describedby=\"caption-attachment-43295\" class=\"wp-image-43295\" src=\"https:\/\/tvtecjundiai.com.br\/news\/wp-content\/uploads\/sites\/2\/2019\/12\/movimentacao_onibus-187-1280x854.jpg\" alt=\"\" width=\"500\" height=\"334\" srcset=\"https:\/\/tvtecjundiai.com.br\/news\/wp-content\/uploads\/sites\/2\/2019\/12\/movimentacao_onibus-187-1280x854.jpg 1280w, https:\/\/tvtecjundiai.com.br\/news\/wp-content\/uploads\/sites\/2\/2019\/12\/movimentacao_onibus-187-1280x854-300x200.jpg 300w, https:\/\/tvtecjundiai.com.br\/news\/wp-content\/uploads\/sites\/2\/2019\/12\/movimentacao_onibus-187-1280x854-768x512.jpg 768w, https:\/\/tvtecjundiai.com.br\/news\/wp-content\/uploads\/sites\/2\/2019\/12\/movimentacao_onibus-187-1280x854-1200x801.jpg 1200w\" sizes=\"auto, (max-width: 500px) 100vw, 500px\" \/><\/a><p id=\"caption-attachment-43295\" class=\"wp-caption-text\">O motivo \u00e9 o per\u00edodo de f\u00e9rias escolares. Depois voltam os hor\u00e1rios normais<\/p><\/div>\n<p><strong>As linhas alteradas s\u00e3o:<\/strong><\/p>\n<p>500 \u2013 Vila S\u00e3o Paulo \u2013 Terminal Vila Arens<br \/>\n527 \u2013 Jardim Guanabara \u2013 Terminal Central<br \/>\n540 \u2013 Almerinda Chaves \u2013 Terminal Eloy Chaves<br \/>\n544 \u2013 Parque Residencial Jundia\u00ed 1 \u2013 Terminal Eloy Chaves<br \/>\n562 \u2013 Morada das Vinhas \u2013 Terminal Cecap<br \/>\n571 \u2013 Jardim das Tulipas \u2013 Terminal Hortol\u00e2ndia<br \/>\n583 \u2013 Residencial Anchieta \u2013 Terminal Rami<br \/>\n712 \u2013 Jardim Guanabara \u2013 Terminal Vila Arens<br \/>\n720 \u2013 Jardim S\u00e3o Camilo \u2013 Terminal Central<br \/>\n738 \u2013 Jardim Santa Gertrudes \u2013 Terminal Central<br \/>\n907 \u2013 Terminal Vila Arens \u2013 Terminal Hortol\u00e2ndia<br \/>\n928 \u2013 Terminal Central \u2013 Terminal Rami<br \/>\n942 \u2013 Terminal Eloy Chaves \u2013 Terminal Central<br \/>\n947 \u2013 Terminal Eloy Chaves \u2013 Terminal Hortol\u00e2ndia<br \/>\n961 \u2013 Terminal Cecap \u2013 Terminal Vila Arens<br \/>\n962 \u2013 Terminal Cecap \u2013 Terminal Central<br \/>\n972 \u2013 Terminal Hortol\u00e2ndia \u2013 Terminal Central<\/p>\n<p>Se for constatado o aumento da demanda de passageiros em qualquer uma das linhas, a UGMT poder\u00e1 realizar o retorno imediato dos hor\u00e1rios normais.<\/p>\n","protected":false},"excerpt":{"rendered":"<p>O motivo \u00e9 o per\u00edodo de f\u00e9rias escolares. Depois voltam os hor\u00e1rios normais<\/p>\n","protected":false},"author":8,"featured_media":43295,"comment_status":"closed","ping_status":"closed","sticky":false,"template":"","format":"standard","meta":{"footnotes":""},"categories":[29,5697,1],"tags":[],"class_list":["post-43293","post","type-post","status-publish","format-standard","has-post-thumbnail","hentry","category-destaque","category-mobilidade-noticias","category-noticias"],"_links":{"self":[{"href":"https:\/\/tvtecjundiai.com.br\/news\/wp-json\/wp\/v2\/posts\/43293","targetHints":{"allow":["GET"]}}],"collection":[{"href":"https:\/\/tvtecjundiai.com.br\/news\/wp-json\/wp\/v2\/posts"}],"about":[{"href":"https:\/\/tvtecjundiai.com.br\/news\/wp-json\/wp\/v2\/types\/post"}],"author":[{"embeddable":true,"href":"https:\/\/tvtecjundiai.com.br\/news\/wp-json\/wp\/v2\/users\/8"}],"replies":[{"embeddable":true,"href":"https:\/\/tvtecjundiai.com.br\/news\/wp-json\/wp\/v2\/comments?post=43293"}],"version-history":[{"count":3,"href":"https:\/\/tvtecjundiai.com.br\/news\/wp-json\/wp\/v2\/posts\/43293\/revisions"}],"predecessor-version":[{"id":43312,"href":"https:\/\/tvtecjundiai.com.br\/news\/wp-json\/wp\/v2\/posts\/43293\/revisions\/43312"}],"wp:featuredmedia":[{"embeddable":true,"href":"https:\/\/tvtecjundiai.com.br\/news\/wp-json\/wp\/v2\/media\/43295"}],"wp:attachment":[{"href":"https:\/\/tvtecjundiai.com.br\/news\/wp-json\/wp\/v2\/media?parent=43293"}],"wp:term":[{"taxonomy":"category","embeddable":true,"href":"https:\/\/tvtecjundiai.com.br\/news\/wp-json\/wp\/v2\/categories?post=43293"},{"taxonomy":"post_tag","embeddable":true,"href":"https:\/\/tvtecjundiai.com.br\/news\/wp-json\/wp\/v2\/tags?post=43293"}],"curies":[{"name":"wp","href":"https:\/\/api.w.org\/{rel}","templated":true}]}}