{"id":43419,"date":"2019-12-19T17:41:11","date_gmt":"2019-12-19T19:41:11","guid":{"rendered":"https:\/\/tvtecjundiai.com.br\/news\/?p=43419"},"modified":"2019-12-20T19:31:00","modified_gmt":"2019-12-20T21:31:00","slug":"sexta-20-deve-repetir-clima-nublado-e-chuvoso-da-semana-em-jundiai","status":"publish","type":"post","link":"https:\/\/tvtecjundiai.com.br\/news\/2019\/12\/19\/sexta-20-deve-repetir-clima-nublado-e-chuvoso-da-semana-em-jundiai\/","title":{"rendered":"Sexta (20) deve repetir clima nublado e chuvoso da semana em Jundia\u00ed"},"content":{"rendered":"<p>A sexta-feira (20) em Jundia\u00ed deve ser de sol com muitas nuvens e pancadas de chuva \u00e0 tarde e \u00e0 noite, como a maioria dos dias desta semana. A temperatura varia entre a m\u00ednima de 20\u00ba C, temperatura est\u00e1vel da meia-noite at\u00e9 amanhecer e a m\u00e1xima de 26\u00ba C entre 12 e 15 horas.<\/p>\n<div id=\"attachment_43424\" style=\"width: 402px\" class=\"wp-caption alignright\"><a href=\"https:\/\/tvtecjundiai.com.br\/news\/wp-content\/uploads\/sites\/2\/2019\/12\/sampa-nublado-e-frio.jpg\"><img loading=\"lazy\" decoding=\"async\" aria-describedby=\"caption-attachment-43424\" class=\"wp-image-43424\" src=\"https:\/\/tvtecjundiai.com.br\/news\/wp-content\/uploads\/sites\/2\/2019\/12\/sampa-nublado-e-frio-300x169.jpg\" alt=\"\" width=\"392\" height=\"221\" srcset=\"https:\/\/tvtecjundiai.com.br\/news\/wp-content\/uploads\/sites\/2\/2019\/12\/sampa-nublado-e-frio-300x169.jpg 300w, https:\/\/tvtecjundiai.com.br\/news\/wp-content\/uploads\/sites\/2\/2019\/12\/sampa-nublado-e-frio.jpg 656w\" sizes=\"auto, (max-width: 392px) 100vw, 392px\" \/><\/a><p id=\"caption-attachment-43424\" class=\"wp-caption-text\">Os dias desta semana foram nublados e alguns at\u00e9 mais frios na cidade de S\u00e3o Paulo<\/p><\/div>\n<p>O ver\u00e3o come\u00e7a 2019\/2020 come\u00e7a oficialmente \u00e0 1h19 deste domingo (22) e vai at\u00e9 0h50 do dia 20 de mar\u00e7o de 2020. Ser\u00e1 um ver\u00e3o sem El Ni\u00f1o e tamb\u00e9m sem La Ni\u00f1a, fen\u00f4menos oce\u00e2nicos-atmosf\u00e9ricos que ocorrem na por\u00e7\u00e3o central e leste do oceano Pac\u00edfico Equatorial, e que, quando se manifestam, interferem na chuva e na temperatura do Brasil e de outros pa\u00edses da Am\u00e9rica do Sul.<\/p>\n<p><em>(Fonte: Climatempo. Imagem: Climatempo\/Philippe Peinhopf de Paula)<\/em><\/p>\n<div class=\"columns small-12 top20 txt-black\">\n<p class=\"left top10 normal font14 txt-black\">\n<\/div>\n<div class=\"columns small-12\"><\/div>\n","protected":false},"excerpt":{"rendered":"<p>O ver\u00e3o come\u00e7a 2019\/2020 come\u00e7a oficialmente \u00e0 1h19 deste domingo (22)<\/p>\n","protected":false},"author":8,"featured_media":43424,"comment_status":"closed","ping_status":"closed","sticky":false,"template":"","format":"standard","meta":{"footnotes":""},"categories":[3185],"tags":[4904,5076],"class_list":["post-43419","post","type-post","status-publish","format-standard","has-post-thumbnail","hentry","category-clima","tag-clima-em-jundiai","tag-clima-em-jundiai-e-estado-de-sp"],"_links":{"self":[{"href":"https:\/\/tvtecjundiai.com.br\/news\/wp-json\/wp\/v2\/posts\/43419","targetHints":{"allow":["GET"]}}],"collection":[{"href":"https:\/\/tvtecjundiai.com.br\/news\/wp-json\/wp\/v2\/posts"}],"about":[{"href":"https:\/\/tvtecjundiai.com.br\/news\/wp-json\/wp\/v2\/types\/post"}],"author":[{"embeddable":true,"href":"https:\/\/tvtecjundiai.com.br\/news\/wp-json\/wp\/v2\/users\/8"}],"replies":[{"embeddable":true,"href":"https:\/\/tvtecjundiai.com.br\/news\/wp-json\/wp\/v2\/comments?post=43419"}],"version-history":[{"count":2,"href":"https:\/\/tvtecjundiai.com.br\/news\/wp-json\/wp\/v2\/posts\/43419\/revisions"}],"predecessor-version":[{"id":43426,"href":"https:\/\/tvtecjundiai.com.br\/news\/wp-json\/wp\/v2\/posts\/43419\/revisions\/43426"}],"wp:featuredmedia":[{"embeddable":true,"href":"https:\/\/tvtecjundiai.com.br\/news\/wp-json\/wp\/v2\/media\/43424"}],"wp:attachment":[{"href":"https:\/\/tvtecjundiai.com.br\/news\/wp-json\/wp\/v2\/media?parent=43419"}],"wp:term":[{"taxonomy":"category","embeddable":true,"href":"https:\/\/tvtecjundiai.com.br\/news\/wp-json\/wp\/v2\/categories?post=43419"},{"taxonomy":"post_tag","embeddable":true,"href":"https:\/\/tvtecjundiai.com.br\/news\/wp-json\/wp\/v2\/tags?post=43419"}],"curies":[{"name":"wp","href":"https:\/\/api.w.org\/{rel}","templated":true}]}}