{"id":43708,"date":"2020-01-03T19:00:12","date_gmt":"2020-01-03T21:00:12","guid":{"rendered":"https:\/\/tvtecjundiai.com.br\/news\/?p=43708"},"modified":"2020-01-03T18:05:31","modified_gmt":"2020-01-03T20:05:31","slug":"jundiaiense-e-o-primeiro-brasileiro-selecionado-barkley-marathon","status":"publish","type":"post","link":"https:\/\/tvtecjundiai.com.br\/news\/2020\/01\/03\/jundiaiense-e-o-primeiro-brasileiro-selecionado-barkley-marathon\/","title":{"rendered":"Jundiaiense \u00e9 o primeiro brasileiro selecionado para a Barkley Marathon"},"content":{"rendered":"<p>Mais um orgulho para a <em>Terrinha Querida<\/em>! O jundiaiense Enrico Frigeri de 31 anos, formado em educa\u00e7\u00e3o f\u00edsica e biologia foi um dos 40 atletas escolhidos para a edi\u00e7\u00e3o 2020 da <em>Barkley Marathon<\/em> &#8211; uma competi\u00e7\u00e3o de corrida, idealizada pelo norte-americano Gary &#8220;Lazarus Lake&#8221; Centrell, inspirada no percurso de fuga de James Ear Ray que assassinou Martin Luther King Jr. James escapou da pris\u00e3o e foi recapturado 55 horas mais tarde em uma dist\u00e2ncia de 13 km. Gary ent\u00e3o satirizou que neste tempo teria percorrido 160 km.<\/p>\n<div id=\"attachment_43711\" style=\"width: 552px\" class=\"wp-caption alignright\"><a href=\"https:\/\/tvtecjundiai.com.br\/news\/wp-content\/uploads\/sites\/2\/2019\/12\/WhatsApp-Image-2019-12-27-at-11.40.01.jpeg\"><img loading=\"lazy\" decoding=\"async\" aria-describedby=\"caption-attachment-43711\" class=\"wp-image-43711\" src=\"https:\/\/tvtecjundiai.com.br\/news\/wp-content\/uploads\/sites\/2\/2019\/12\/WhatsApp-Image-2019-12-27-at-11.40.01-300x200.jpeg\" alt=\"\" width=\"542\" height=\"361\" srcset=\"https:\/\/tvtecjundiai.com.br\/news\/wp-content\/uploads\/sites\/2\/2019\/12\/WhatsApp-Image-2019-12-27-at-11.40.01-300x200.jpeg 300w, https:\/\/tvtecjundiai.com.br\/news\/wp-content\/uploads\/sites\/2\/2019\/12\/WhatsApp-Image-2019-12-27-at-11.40.01-768x512.jpeg 768w, https:\/\/tvtecjundiai.com.br\/news\/wp-content\/uploads\/sites\/2\/2019\/12\/WhatsApp-Image-2019-12-27-at-11.40.01.jpeg 900w\" sizes=\"auto, (max-width: 542px) 100vw, 542px\" \/><\/a><p id=\"caption-attachment-43711\" class=\"wp-caption-text\">Hoje, a corrida que acontece na regi\u00e3o de Frozen head State Park, em Wartburg<\/p><\/div>\n<p>Hoje, a corrida que acontece na regi\u00e3o de Frozen head State Park, em Wartburg, nos Estados Unidos, faz com que os atletas completem cinco voltas em um percurso de 32 km, com terra em um tempo limite de 60 horas.<\/p>\n<p>\u201cO interesse pela modalidade surgiu quando terminei a faculdade de biologia. Antes disso eu n\u00e3o praticava nenhum esporte, nem nada, era apenas por lazer mesmo. Em 2013 eu fiz minha primeira corrida de 5 km em Jundia\u00ed e consegui pegar um lugar p\u00f3dio, o que me animou bastante para come\u00e7ar a correr. A\u00ed passei a aumentar a dist\u00e2ncia, mas sempre com foco em corrida de rua, o fato de ser bi\u00f3logo e gostar da natureza, fez com que eu come\u00e7asse alinhar a corrida ao ambiente verde, de floresta, e passei para a <em>corrida de aventura<\/em>, ou seja, provas que juntam corrida, bicicleta e caiaque por 300, 400 km!\u201d, explica Enrico.<\/p>\n<p>Al\u00e9m de estar entre os escolhidos, Enrico \u00e9 o \u00fanico da Am\u00e9rica Latina e o primeiro brasileiro da hist\u00f3ria a ser selecionado. Para ele a expectativa \u00e9 grande! \u201cEstar entre os 20 atletas selecionados, e o \u00fanico da Am\u00e9rica Latina j\u00e1 \u00e9 uma responsabilidade e o fato de ser o primeiro brasileiro da hist\u00f3ria, aumenta ainda mais&#8230; existe toda uma expectativa, mas a maior cobran\u00e7a \u00e9 da minha parte de conseguir representar bem o pa\u00eds e colocar o Brasil entre os 10 mais bem colocados\u201d, comenta.<\/p>\n<p><strong>Processo de inscri\u00e7\u00e3o<\/strong><\/p>\n<p>Encontrar informa\u00e7\u00f5es para participar da prova n\u00e3o foi nada f\u00e1cil. Acredite, o processo \u00e9 \u00e1rduo. Depois de descobrir o e-mail de um dos organizadores, \u00e9 necess\u00e1rio elaborar um ensaio sobre os feitos e justificar o motivo pelo qual voc\u00ea deve ser selecionado. &#8220;N\u00e3o existe um site oficial, h\u00e1 informa\u00e7\u00f5es dispersas e voc\u00ea precisa ir garimpando e isso demora bastante. \u00c9 gente do mundo inteiro tentando! Al\u00e9m disso precisa descobrir a data e o hor\u00e1rio de envio, se voc\u00ea errar isso est\u00e1 eliminado&#8221;, explica.<\/p>\n<p>A corrida n\u00e3o conta com taxa de inscri\u00e7\u00e3o, h\u00e1 apenas o valor simb\u00f3lico de US$1,60 para que a quest\u00e3o financeira n\u00e3o interfira na vit\u00f3ria de um poss\u00edvel atleta. Quando voc\u00ea est\u00e1 entre os selecionado, recebe uma carta de condol\u00eancias e \u00e9 necess\u00e1rio levar um presente ao respons\u00e1vel, de acordo com o que ele esteja precisa, seja uma meia ou camiseta, por exemplo e para os novatos uma placa de carro do pa\u00eds ou estado.<\/p>\n<p><strong>Competi\u00e7\u00e3o\u00a0<\/strong><\/p>\n<p>O percurso de Barkley tem 18.000 metros de ascens\u00e3o, lembrando que apesar das poucas informa\u00e7\u00f5es a prova pode acontecer durante o dia ou \u00e0 noite. Rel\u00f3gios com GPS ou smartphones est\u00e3o proibidos. Durante as voltas, os atletas precisam encontrar checkpoints que est\u00e3o em livros escondidos pelo caminho e arrancar uma p\u00e1gina, garantindo que passaram pelo local.<\/p>\n<p><em>(Por: Caroline Ferreira\/Imagem: Arquivo Pessoal)<\/em><\/p>\n","protected":false},"excerpt":{"rendered":"<p>Enrico \u00e9 o \u00fanico atleta da Am\u00e9rica Latina, entre os 40 escolhidos anualmente<\/p>\n","protected":false},"author":13,"featured_media":43713,"comment_status":"closed","ping_status":"closed","sticky":false,"template":"","format":"standard","meta":{"footnotes":""},"categories":[2834,2827,1],"tags":[],"class_list":["post-43708","post","type-post","status-publish","format-standard","has-post-thumbnail","hentry","category-cidades","category-esportes-e-lazer","category-noticias"],"_links":{"self":[{"href":"https:\/\/tvtecjundiai.com.br\/news\/wp-json\/wp\/v2\/posts\/43708","targetHints":{"allow":["GET"]}}],"collection":[{"href":"https:\/\/tvtecjundiai.com.br\/news\/wp-json\/wp\/v2\/posts"}],"about":[{"href":"https:\/\/tvtecjundiai.com.br\/news\/wp-json\/wp\/v2\/types\/post"}],"author":[{"embeddable":true,"href":"https:\/\/tvtecjundiai.com.br\/news\/wp-json\/wp\/v2\/users\/13"}],"replies":[{"embeddable":true,"href":"https:\/\/tvtecjundiai.com.br\/news\/wp-json\/wp\/v2\/comments?post=43708"}],"version-history":[{"count":3,"href":"https:\/\/tvtecjundiai.com.br\/news\/wp-json\/wp\/v2\/posts\/43708\/revisions"}],"predecessor-version":[{"id":43721,"href":"https:\/\/tvtecjundiai.com.br\/news\/wp-json\/wp\/v2\/posts\/43708\/revisions\/43721"}],"wp:featuredmedia":[{"embeddable":true,"href":"https:\/\/tvtecjundiai.com.br\/news\/wp-json\/wp\/v2\/media\/43713"}],"wp:attachment":[{"href":"https:\/\/tvtecjundiai.com.br\/news\/wp-json\/wp\/v2\/media?parent=43708"}],"wp:term":[{"taxonomy":"category","embeddable":true,"href":"https:\/\/tvtecjundiai.com.br\/news\/wp-json\/wp\/v2\/categories?post=43708"},{"taxonomy":"post_tag","embeddable":true,"href":"https:\/\/tvtecjundiai.com.br\/news\/wp-json\/wp\/v2\/tags?post=43708"}],"curies":[{"name":"wp","href":"https:\/\/api.w.org\/{rel}","templated":true}]}}