{"id":43739,"date":"2020-01-02T09:52:58","date_gmt":"2020-01-02T11:52:58","guid":{"rendered":"https:\/\/tvtecjundiai.com.br\/news\/?p=43739"},"modified":"2020-01-02T09:52:58","modified_gmt":"2020-01-02T11:52:58","slug":"aumenta-numero-de-entidades-beneficiadas-na-festa-da-uva-2020","status":"publish","type":"post","link":"https:\/\/tvtecjundiai.com.br\/news\/2020\/01\/02\/aumenta-numero-de-entidades-beneficiadas-na-festa-da-uva-2020\/","title":{"rendered":"Aumenta n\u00famero de entidades beneficiadas na Festa da Uva 2020"},"content":{"rendered":"<p>Al\u00e9m de todas as atra\u00e7\u00f5es e da venda de frutas, a 37\u00aa edi\u00e7\u00e3o da Festa da Uva de Jundia\u00ed, que ser\u00e1 realizada em janeiro, ter\u00e1 uma novidade \u201cdo bem\u201d: o n\u00famero de entidades assistenciais beneficiadas passar\u00e1 de 24, em 2019, para 32, em 2020. Segundo a diretora de Turismo da Unidade de Gest\u00e3o de Agroneg\u00f3cio, Abastecimento e Turismo (UGAAT), Marcela Moro, as entidades ir\u00e3o comercializar principalmente alimentos, doces e lanches. \u201cEste \u00e9 um aspecto muito positivo desta edi\u00e7\u00e3o da festa, na qual esperamos um aumento de p\u00fablico de cerca de 5%, ou seja, aguardamos mais de 200 mil pessoas\u201d, afirma.<\/p>\n<div id=\"attachment_43740\" style=\"width: 496px\" class=\"wp-caption alignright\"><a href=\"https:\/\/tvtecjundiai.com.br\/news\/wp-content\/uploads\/sites\/2\/2020\/01\/2.jpg\"><img loading=\"lazy\" decoding=\"async\" aria-describedby=\"caption-attachment-43740\" class=\"wp-image-43740\" src=\"https:\/\/tvtecjundiai.com.br\/news\/wp-content\/uploads\/sites\/2\/2020\/01\/2-300x200.jpg\" alt=\"\" width=\"486\" height=\"324\" srcset=\"https:\/\/tvtecjundiai.com.br\/news\/wp-content\/uploads\/sites\/2\/2020\/01\/2-300x200.jpg 300w, https:\/\/tvtecjundiai.com.br\/news\/wp-content\/uploads\/sites\/2\/2020\/01\/2-768x512.jpg 768w, https:\/\/tvtecjundiai.com.br\/news\/wp-content\/uploads\/sites\/2\/2020\/01\/2-1200x800.jpg 1200w, https:\/\/tvtecjundiai.com.br\/news\/wp-content\/uploads\/sites\/2\/2020\/01\/2.jpg 1280w\" sizes=\"auto, (max-width: 486px) 100vw, 486px\" \/><\/a><p id=\"caption-attachment-43740\" class=\"wp-caption-text\">Produ\u00e7\u00e3o de uva no Castanho: expectativa \u00e9 de um aumento de 10% na venda de frutas em rela\u00e7\u00e3o \u00e0 edi\u00e7\u00e3o anterior da festa<\/p><\/div>\n<p>A 37\u00aa Festa da Uva e 8\u00aa Expo Vinhos \u00e9 uma realiza\u00e7\u00e3o da Associa\u00e7\u00e3o Agr\u00edcola de Jundia\u00ed, com apoio da Prefeitura de Jundia\u00ed, por meio das Unidades de Gest\u00e3o de Cultura (UGC) e da UGAAT.<\/p>\n<p>Conhecida no Brasil como um dos principais eventos agr\u00edcolas, a Festa da Uva \u00e9 um marco no calend\u00e1rio da cidade por homenagear o plantio da fruta na regi\u00e3o e os agricultores locais. \u201cSempre participei da festa com uvas para exposi\u00e7\u00e3o, e as forne\u00e7o para o estande do Travi\u00fa. O evento ajuda a valorizar o produtor e mostra a tradi\u00e7\u00e3o do cultivo aqui no bairro, que foi um dos pioneiros na produ\u00e7\u00e3o do tipo Niagara rosada no pa\u00eds\u201d, destaca o produtor do bairro Travi\u00fa, Anderson Thomazzeto.\u00a0A expectativa tamb\u00e9m \u00e9 de um aumento de 10% na venda de frutas em rela\u00e7\u00e3o \u00e0 edi\u00e7\u00e3o anterior da festa, que completa 85 anos em 2020.<\/p>\n<p><strong>Programa\u00e7\u00e3o<\/strong><\/p>\n<p>As crian\u00e7as ser\u00e3o o foco, e a programa\u00e7\u00e3o estar\u00e1 repleta de atra\u00e7\u00f5es culturais e brincadeiras especialmente preparadas para elas. Os adultos poder\u00e3o relembrar a inf\u00e2ncia com atividades como o xadrez e a amarelinha, por exemplo. A abertura oficial acontece dia 16 de janeiro, quinta-feira, \u00e0s 18h, e o evento se estende at\u00e9 a primeira semana de fevereiro.<\/p>\n<p>Em paralelo, no mesmo espa\u00e7o, acontece a 8\u00aa Expo Vinhos. Juntas, trazem v\u00e1rias atra\u00e7\u00f5es como leil\u00e3o, premia\u00e7\u00f5es de uvas, vendas de artesanato, vinhos, licores, bebidas e produtos produzidos por agricultores da cidade, espa\u00e7o infantil gratuito, cortejos e atra\u00e7\u00f5es circenses, workshops enogastron\u00f4micos e, tamb\u00e9m, a tradicional Cerim\u00f4nia da Pisa da Uva, que acontecer\u00e1 todos os dias sob o comando do Grupo Folklor\u00edstico Stella Bianca, voltado para a preserva\u00e7\u00e3o, resgate e divulga\u00e7\u00e3o de dan\u00e7as e m\u00fasicas das diversas regi\u00f5es da It\u00e1lia. Durante toda a festa, vinte atores representar\u00e3o a hist\u00f3ria do surgimento da uva Niagara Rosada, que \u00e9 oriunda de Jundia\u00ed e a protagonista da festa.<\/p>\n<p>O fato desta edi\u00e7\u00e3o destacar o universo l\u00fadico da inf\u00e2ncia tem motivo: a cidade \u00e9 a primeira do Estado e a segunda no Pa\u00eds, logo ap\u00f3s Boa Vista (RO) a integrar a Rede Latino-Americana \u2013 Projeto Cidade das Crian\u00e7as, que contempla os programas \u201cComit\u00ea das Crian\u00e7as\u201d e \u201cRuas de Brincar\u201d que t\u00eam como objetivo a implementa\u00e7\u00e3o de pol\u00edticas p\u00fablicas que valorizam o protagonismo nas tomadas de decis\u00f5es que refor\u00e7am a import\u00e2ncia do ato de brincar. A iniciativa \u00e9 resultado das ades\u00f5es do munic\u00edpio \u00e0 rede e ao Instituto Alana.<\/p>\n<p><strong>SERVI\u00c7O<\/strong><\/p>\n<p>37\u00aa Festa da Uva e 8\u00aa Expo Vinhos<\/p>\n<p>Dias 16, 17, 18, 19, 24, 25,26 e 31 de janeiro \/ 1 e 2 de fevereiro de 2020<\/p>\n<p>Hor\u00e1rios: Quinta-feira (16), \u00e0s 18 h \/ Sextas-feiras, das 18h \u00e0s 22h \/<\/p>\n<p>S\u00e1bados, das 10h \u00e0s 22h \/ Domingos, das 10h \u00e0s 21h<\/p>\n<p>Local: Parque Comendador Ant\u00f4nio Carbonari \u2013 Parque da Uva, Av. Jundia\u00ed s\/n<\/p>\n<p>Informa\u00e7\u00f5es pelo telefone (11) 4589-8580 ou em\u00a0<a href=\"https:\/\/festadauva.jundiai.sp.gov.br\/\">https:\/\/festadauva.jundiai.sp.gov.br\/<\/a>.<\/p>\n<p>Entrada gratuita<\/p>\n<p>A\u00e7\u00e3o solid\u00e1ria: doe 1 quilo de alimento n\u00e3o perec\u00edvel<\/p>\n<p><em>(Fonte\/Imagem: Prefeitura de Jundia\u00ed)<\/em><\/p>\n","protected":false},"excerpt":{"rendered":"<p>Quantidade passar\u00e1 de 24, em 2019, para 32, neste ano <\/p>\n","protected":false},"author":13,"featured_media":24642,"comment_status":"closed","ping_status":"closed","sticky":false,"template":"","format":"standard","meta":{"footnotes":""},"categories":[2834,2833,1],"tags":[2866,6169],"class_list":["post-43739","post","type-post","status-publish","format-standard","has-post-thumbnail","hentry","category-cidades","category-cultura","category-noticias","tag-eventos","tag-festa-da-uva-2020"],"_links":{"self":[{"href":"https:\/\/tvtecjundiai.com.br\/news\/wp-json\/wp\/v2\/posts\/43739","targetHints":{"allow":["GET"]}}],"collection":[{"href":"https:\/\/tvtecjundiai.com.br\/news\/wp-json\/wp\/v2\/posts"}],"about":[{"href":"https:\/\/tvtecjundiai.com.br\/news\/wp-json\/wp\/v2\/types\/post"}],"author":[{"embeddable":true,"href":"https:\/\/tvtecjundiai.com.br\/news\/wp-json\/wp\/v2\/users\/13"}],"replies":[{"embeddable":true,"href":"https:\/\/tvtecjundiai.com.br\/news\/wp-json\/wp\/v2\/comments?post=43739"}],"version-history":[{"count":1,"href":"https:\/\/tvtecjundiai.com.br\/news\/wp-json\/wp\/v2\/posts\/43739\/revisions"}],"predecessor-version":[{"id":43741,"href":"https:\/\/tvtecjundiai.com.br\/news\/wp-json\/wp\/v2\/posts\/43739\/revisions\/43741"}],"wp:featuredmedia":[{"embeddable":true,"href":"https:\/\/tvtecjundiai.com.br\/news\/wp-json\/wp\/v2\/media\/24642"}],"wp:attachment":[{"href":"https:\/\/tvtecjundiai.com.br\/news\/wp-json\/wp\/v2\/media?parent=43739"}],"wp:term":[{"taxonomy":"category","embeddable":true,"href":"https:\/\/tvtecjundiai.com.br\/news\/wp-json\/wp\/v2\/categories?post=43739"},{"taxonomy":"post_tag","embeddable":true,"href":"https:\/\/tvtecjundiai.com.br\/news\/wp-json\/wp\/v2\/tags?post=43739"}],"curies":[{"name":"wp","href":"https:\/\/api.w.org\/{rel}","templated":true}]}}