{"id":43813,"date":"2020-01-03T10:27:19","date_gmt":"2020-01-03T12:27:19","guid":{"rendered":"https:\/\/tvtecjundiai.com.br\/news\/?p=43813"},"modified":"2020-01-03T10:27:19","modified_gmt":"2020-01-03T12:27:19","slug":"2020-tera-11-feriados-nacionais-em-dias-de-semana","status":"publish","type":"post","link":"https:\/\/tvtecjundiai.com.br\/news\/2020\/01\/03\/2020-tera-11-feriados-nacionais-em-dias-de-semana\/","title":{"rendered":"2020 ter\u00e1 11 feriados nacionais em dias de semana"},"content":{"rendered":"<p>O ano de 2020 promete mais dias de descanso do que 2019. Dos 12 feriados nacionais, 11 caem em dias de semana e dez podem ser emendados com s\u00e1bados e domingos. A lista n\u00e3o inclui os feriados estaduais e feriados municipais.<\/p>\n<div id=\"attachment_43814\" style=\"width: 488px\" class=\"wp-caption alignright\"><a href=\"https:\/\/tvtecjundiai.com.br\/news\/wp-content\/uploads\/sites\/2\/2020\/01\/pessoasnapraia-43712373f2c106be93ecb080e125d4bb-1200x600.jpg\"><img loading=\"lazy\" decoding=\"async\" aria-describedby=\"caption-attachment-43814\" class=\"wp-image-43814\" src=\"https:\/\/tvtecjundiai.com.br\/news\/wp-content\/uploads\/sites\/2\/2020\/01\/pessoasnapraia-43712373f2c106be93ecb080e125d4bb-1200x600-300x150.jpg\" alt=\"\" width=\"478\" height=\"238\" srcset=\"https:\/\/tvtecjundiai.com.br\/news\/wp-content\/uploads\/sites\/2\/2020\/01\/pessoasnapraia-43712373f2c106be93ecb080e125d4bb-1200x600-300x150.jpg 300w, https:\/\/tvtecjundiai.com.br\/news\/wp-content\/uploads\/sites\/2\/2020\/01\/pessoasnapraia-43712373f2c106be93ecb080e125d4bb-1200x600-768x384.jpg 768w, https:\/\/tvtecjundiai.com.br\/news\/wp-content\/uploads\/sites\/2\/2020\/01\/pessoasnapraia-43712373f2c106be93ecb080e125d4bb-1200x600.jpg 1200w\" sizes=\"auto, (max-width: 478px) 100vw, 478px\" \/><\/a><p id=\"caption-attachment-43814\" class=\"wp-caption-text\">A lista n\u00e3o inclui os feriados estaduais e feriados municipais<\/p><\/div>\n<p>As exce\u00e7\u00f5es aos feriados colados ao fim de semana s\u00e3o 1\u00ba de janeiro (Confraterniza\u00e7\u00e3o Universal), caindo em uma\u00a0<span id=\"OBJ_PREFIX_DWT1954_com_zimbra_date\" role=\"link\">quarta<\/span>-feira;\u00a0<span id=\"OBJ_PREFIX_DWT1934_com_zimbra_date\" role=\"link\"><span id=\"OBJ_PREFIX_DWT1955_com_zimbra_date\" role=\"link\">21 de abril<\/span><\/span>\u00a0(Tiradentes), que ser\u00e1 em uma\u00a0<span id=\"OBJ_PREFIX_DWT1956_com_zimbra_date\" role=\"link\">ter<\/span>\u00e7a-feira e o Corpus Christi (<span id=\"OBJ_PREFIX_DWT1935_com_zimbra_date\" role=\"link\"><span id=\"OBJ_PREFIX_DWT1957_com_zimbra_date\" role=\"link\">11 de junho<\/span><\/span>), que sempre cai \u00e0s quintas-feiras 60 dias ap\u00f3s a P\u00e1scoa.<\/p>\n<p>P\u00e1scoa e carnaval s\u00e3o feriados alongados em todos anos. A Paix\u00e3o de Cristo (<span id=\"OBJ_PREFIX_DWT1958_com_zimbra_date\" role=\"link\">sexta<\/span>-feira) ser\u00e1 no dia\u00a0<span id=\"OBJ_PREFIX_DWT1936_com_zimbra_date\" role=\"link\"><span id=\"OBJ_PREFIX_DWT1959_com_zimbra_date\" role=\"link\">10 de abril<\/span><\/span>. A\u00a0<span id=\"OBJ_PREFIX_DWT1960_com_zimbra_date\" role=\"link\">segunda<\/span>-feira e a\u00a0<span id=\"OBJ_PREFIX_DWT1961_com_zimbra_date\" role=\"link\">ter<\/span>\u00e7a-feira de carnaval cair\u00e3o nos dias 24 e\u00a0<span id=\"OBJ_PREFIX_DWT1937_com_zimbra_date\" role=\"link\"><span id=\"OBJ_PREFIX_DWT1962_com_zimbra_date\" role=\"link\">25 de fevereiro<\/span><\/span>, respectivamente.<\/p>\n<p>Al\u00e9m desses dias, os brasileiros poder\u00e3o emendar com o fim de semana o Dia do Trabalho (1\u00ba de maio) que cai numa\u00a0<span id=\"OBJ_PREFIX_DWT1963_com_zimbra_date\" role=\"link\">sexta<\/span>-feira, assim como o\u00a0<span id=\"OBJ_PREFIX_DWT1964_com_zimbra_date\" role=\"link\">Natal<\/span>\u00a0(<span id=\"OBJ_PREFIX_DWT1938_com_zimbra_date\" role=\"link\"><span id=\"OBJ_PREFIX_DWT1965_com_zimbra_date\" role=\"link\">25 de dezembro<\/span><\/span>).<\/p>\n<p>Para quem n\u00e3o gosta das segundas-feiras, a boa not\u00edcia \u00e9 que os feriados da Independ\u00eancia do Brasil (<span id=\"OBJ_PREFIX_DWT1939_com_zimbra_date\" role=\"link\"><span id=\"OBJ_PREFIX_DWT1966_com_zimbra_date\" role=\"link\">7 de setembro<\/span><\/span>), de Nossa Senhora Aparecida (<span id=\"OBJ_PREFIX_DWT1940_com_zimbra_date\" role=\"link\"><span id=\"OBJ_PREFIX_DWT1967_com_zimbra_date\" role=\"link\">12 de outubro<\/span><\/span>) e de finados (<span id=\"OBJ_PREFIX_DWT1941_com_zimbra_date\" role=\"link\"><span id=\"OBJ_PREFIX_DWT1968_com_zimbra_date\" role=\"link\">2 de novembro<\/span><\/span>) cair\u00e3o nesse dia da semana.<\/p>\n<p>Com tanto feriado, h\u00e1 quem preveja perdas econ\u00f4micas. \u201cO varejo nacional deve deixar de faturar R$ 11,8 bilh\u00f5es em 2020 por causa de feriados nacionais e pontes ao longo do ano. O total \u00e9 53% maior do que a perda prevista para 2019, de R$ 7,6 bilh\u00f5es\u201d, calcula a Federa\u00e7\u00e3o do Com\u00e9rcio de S\u00e3o Paulo.<\/p>\n<p>Outros setores de atividade econ\u00f4mica festejam como \u00e9 o caso do turismo. \u201cNo ano passado, os feriados prolongados resultaram em 13,9 milh\u00f5es de viagens, que injetaram R$ 28,84 bilh\u00f5es na economia brasileira\u201d, soma o Minist\u00e9rio do Turismo (MTur).<\/p>\n<p>Segundo a pasta,\u00a0\u201co feriado de [1\u00ba de] maio movimentou [em 2019] R$ 9 bilh\u00f5es na economia e resultou em 4,5 milh\u00f5es de viagens. J\u00e1 o\u00a0<span id=\"OBJ_PREFIX_DWT1942_com_zimbra_date\" role=\"link\"><span id=\"OBJ_PREFIX_DWT1969_com_zimbra_date\" role=\"link\">12 de outubro<\/span><\/span>\u00a0foi um dos mais movimentados do ano com a realiza\u00e7\u00e3o de 3,24 milh\u00f5es de viagens\u00a0<span id=\"OBJ_PREFIX_DWT1943_com_zimbra_date\" role=\"link\"><span id=\"OBJ_PREFIX_DWT1970_com_zimbra_date\" role=\"link\">dom<\/span><\/span>\u00e9sticas e impacto econ\u00f4mico de R$ 6,7 bilh\u00f5es nos destinos visitados\u201d. O MTur ainda n\u00e3o fez proje\u00e7\u00e3o do impacto dos feriados de 2020 em venda de passagens, hospedagens e passeios.<\/p>\n<p>O ano que come\u00e7a \u00e9 bissexto e, portanto, tem um dia a mais, mas esse n\u00e3o descontar\u00e1 as folgas proporcionadas pelos feriados nos dias de semana. O dia\u00a0<span id=\"OBJ_PREFIX_DWT1944_com_zimbra_date\" role=\"link\"><span id=\"OBJ_PREFIX_DWT1971_com_zimbra_date\" role=\"link\">29 de fevereiro<\/span><\/span>\u00a0cair\u00e1 em um\u00a0<span id=\"OBJ_PREFIX_DWT1945_com_zimbra_date\" role=\"link\"><span id=\"OBJ_PREFIX_DWT1972_com_zimbra_date\" role=\"link\">s\u00e1bado<\/span><\/span>.<\/p>\n<p><em>(Fonte: Ag\u00eancia Brasil\/Imagem: Metro Jornal)<\/em><\/p>\n","protected":false},"excerpt":{"rendered":"<p>Com\u00e9rcio teme queda de faturamento; Turismo celebra expectativas<\/p>\n","protected":false},"author":13,"featured_media":43814,"comment_status":"closed","ping_status":"closed","sticky":false,"template":"","format":"standard","meta":{"footnotes":""},"categories":[1],"tags":[],"class_list":["post-43813","post","type-post","status-publish","format-standard","has-post-thumbnail","hentry","category-noticias"],"_links":{"self":[{"href":"https:\/\/tvtecjundiai.com.br\/news\/wp-json\/wp\/v2\/posts\/43813","targetHints":{"allow":["GET"]}}],"collection":[{"href":"https:\/\/tvtecjundiai.com.br\/news\/wp-json\/wp\/v2\/posts"}],"about":[{"href":"https:\/\/tvtecjundiai.com.br\/news\/wp-json\/wp\/v2\/types\/post"}],"author":[{"embeddable":true,"href":"https:\/\/tvtecjundiai.com.br\/news\/wp-json\/wp\/v2\/users\/13"}],"replies":[{"embeddable":true,"href":"https:\/\/tvtecjundiai.com.br\/news\/wp-json\/wp\/v2\/comments?post=43813"}],"version-history":[{"count":1,"href":"https:\/\/tvtecjundiai.com.br\/news\/wp-json\/wp\/v2\/posts\/43813\/revisions"}],"predecessor-version":[{"id":43815,"href":"https:\/\/tvtecjundiai.com.br\/news\/wp-json\/wp\/v2\/posts\/43813\/revisions\/43815"}],"wp:featuredmedia":[{"embeddable":true,"href":"https:\/\/tvtecjundiai.com.br\/news\/wp-json\/wp\/v2\/media\/43814"}],"wp:attachment":[{"href":"https:\/\/tvtecjundiai.com.br\/news\/wp-json\/wp\/v2\/media?parent=43813"}],"wp:term":[{"taxonomy":"category","embeddable":true,"href":"https:\/\/tvtecjundiai.com.br\/news\/wp-json\/wp\/v2\/categories?post=43813"},{"taxonomy":"post_tag","embeddable":true,"href":"https:\/\/tvtecjundiai.com.br\/news\/wp-json\/wp\/v2\/tags?post=43813"}],"curies":[{"name":"wp","href":"https:\/\/api.w.org\/{rel}","templated":true}]}}