{"id":43872,"date":"2020-01-06T10:04:23","date_gmt":"2020-01-06T12:04:23","guid":{"rendered":"https:\/\/tvtecjundiai.com.br\/news\/?p=43872"},"modified":"2020-01-06T12:52:11","modified_gmt":"2020-01-06T14:52:11","slug":"preparativos-para-a-37a-festa-da-uva-e-8a-expo-vinhos-ja-comecaram-1","status":"publish","type":"post","link":"https:\/\/tvtecjundiai.com.br\/news\/2020\/01\/06\/preparativos-para-a-37a-festa-da-uva-e-8a-expo-vinhos-ja-comecaram-1\/","title":{"rendered":"Preparativos para a 37\u00aa Festa da Uva e 8\u00aa Expo Vinhos j\u00e1 come\u00e7aram"},"content":{"rendered":"<p>A montagem da infraestrutura para a\u00a0<a href=\"https:\/\/festadauva.jundiai.sp.gov.br\/\" target=\"_blank\" rel=\"noopener noreferrer\">37\u00aa Festa da Uva e 8\u00aa Expo Vinhos<\/a>\u00a0j\u00e1 est\u00e1 a todo vapor no Parque Comendador Ant\u00f4nio Carbonari, o Parque da Uva. As equipes da Prefeitura trabalham nas estruturas que ir\u00e3o abrigar o \u201cEspa\u00e7o Deguste\u201d, que \u00e9 a pra\u00e7a de alimenta\u00e7\u00e3o da festa, al\u00e9m do Espa\u00e7o Bambino para as crian\u00e7as e do Espa\u00e7o Emp\u00f3rio, onde ficar\u00e3o hospedados os representantes das Rotas Tur\u00edsticas, os produtores artesanais e as ag\u00eancias de turismo receptivo. Isso sem contar o Pavilh\u00e3o Interno, o Palco Externo, o Coreto e o Coreto do Samba.<\/p>\n<div id=\"attachment_43873\" style=\"width: 472px\" class=\"wp-caption alignleft\"><a href=\"https:\/\/tvtecjundiai.com.br\/news\/wp-content\/uploads\/sites\/2\/2020\/01\/1-2.jpg\"><img loading=\"lazy\" decoding=\"async\" aria-describedby=\"caption-attachment-43873\" class=\"wp-image-43873\" src=\"https:\/\/tvtecjundiai.com.br\/news\/wp-content\/uploads\/sites\/2\/2020\/01\/1-2-300x195.jpg\" alt=\"\" width=\"462\" height=\"300\" srcset=\"https:\/\/tvtecjundiai.com.br\/news\/wp-content\/uploads\/sites\/2\/2020\/01\/1-2-300x195.jpg 300w, https:\/\/tvtecjundiai.com.br\/news\/wp-content\/uploads\/sites\/2\/2020\/01\/1-2-768x500.jpg 768w, https:\/\/tvtecjundiai.com.br\/news\/wp-content\/uploads\/sites\/2\/2020\/01\/1-2-1200x782.jpg 1200w, https:\/\/tvtecjundiai.com.br\/news\/wp-content\/uploads\/sites\/2\/2020\/01\/1-2.jpg 1280w\" sizes=\"auto, (max-width: 462px) 100vw, 462px\" \/><\/a><p id=\"caption-attachment-43873\" class=\"wp-caption-text\">Montagem para a Festa j\u00e1 est\u00e1 a todo vapor no Parque Da Uva<\/p><\/div>\n<p>Esta edi\u00e7\u00e3o da Festa come\u00e7a no dia 16 de janeiro, quinta-feira, \u00e0s 18h, e segue nos dias 17, 18, 19, 24, 25, 26 e 31 de janeiro e 01 e 02 de fevereiro, no Parque da Uva. \u00c0s sextas-feiras, a Festa vai das 18h \u00e0s 22h; aos s\u00e1bados, das 10h \u00e0s 22h; e aos domingos, das 10h \u00e0s 21h. A entrada \u00e9 gratuita, mas os visitantes s\u00e3o convidados a realizar a doa\u00e7\u00e3o espont\u00e2nea de um quilo de alimento, a ser destinado ao Fundo Social de Solidariedade (FUNSS).<\/p>\n<p><strong>Atra\u00e7\u00f5es culturais<\/strong><br \/>\n<a href=\"https:\/\/festadauva.jundiai.sp.gov.br\/atracoes-culturais\/\" target=\"_blank\" rel=\"noopener noreferrer\">A programa\u00e7\u00e3o cultural gratuita pode ser conferida no site da Festa<\/a>, e traz atra\u00e7\u00f5es gratuitas de diversos estilos, como MPB, Sertanejo, Pop Rock, M\u00fasicas Italianas e especiais em homenagens a cantores e bandas famosas. Aos s\u00e1bados e domingos, ser\u00e1 realizada a tradicional Pisa da Uva no Pavilh\u00e3o Interno, \u00e0s 14h, e a Parada da Uva ir\u00e1 percorrer as ruas do Parque, a partir das 16h30. J\u00e1 aos domingos, a partir das 16h, est\u00e3o programados os leil\u00f5es com as frutas premiadas expostas, com destina\u00e7\u00e3o tamb\u00e9m ao FUNSS.<\/p>\n<p>Ao longo da Festa est\u00e3o tamb\u00e9m programados diversos desfiles e passeios, como a Tratorada no s\u00e1bado (18), o Encontro de Fuscas no domingo (19), o Passeio de Jipes no s\u00e1bado (25), o Desfile de Motociclistas no domingo (26), a Bicicletada e Exposi\u00e7\u00e3o de \u00f4nibus antigos no s\u00e1bado (01) e a Exposi\u00e7\u00e3o de carros antigos no domingo (02).<\/p>\n<p><strong>Gastronomia<\/strong><br \/>\nMais de 80 op\u00e7\u00f5es de pratos e del\u00edcias gastron\u00f4micas ser\u00e3o tamb\u00e9m garantidas na Festa, por meio da\u00a0<a href=\"https:\/\/festadauva.jundiai.sp.gov.br\/gastronomia\/\" target=\"_blank\" rel=\"noopener noreferrer\">participa\u00e7\u00e3o de Associa\u00e7\u00f5es de bairros da cidade e de entidades<\/a>. O n\u00famero de entidades assistenciais beneficiadas saltou para 32 nesta edi\u00e7\u00e3o, oito a mais em rela\u00e7\u00e3o ao ano passado. Est\u00e3o tamb\u00e9m previstas as realiza\u00e7\u00f5es de aulas show enogastron\u00f4micas e de harmoniza\u00e7\u00e3o de vinhos e cervejas artesanais.<\/p>\n<p>A 37\u00aa Festa da Uva e 8\u00aa Expo Vinhos \u00e9 uma realiza\u00e7\u00e3o da Prefeitura de Jundia\u00ed, por meio das Unidades de Gest\u00e3o de Agroneg\u00f3cio, Abastecimento e Turismo (UGAAT) e de Cultura (UGC), e da Associa\u00e7\u00e3o Agr\u00edcola de Jundia\u00ed. O Parque da Uva fica na avenida Jundia\u00ed, s\/n, Anhangaba\u00fa. Mais informa\u00e7\u00f5es podem ser obtidas no site da Festa ou pelo telefone (11) 4521-1678.<\/p>\n<p><em>(Fonte\/Imagem: Prefeitura de Jundia\u00ed)<\/em><\/p>\n","protected":false},"excerpt":{"rendered":"<p>Visitantes poder\u00e3o experimentar e comprar vinhos das adegas jundiaienses<\/p>\n","protected":false},"author":13,"featured_media":43873,"comment_status":"closed","ping_status":"closed","sticky":false,"template":"","format":"standard","meta":{"footnotes":""},"categories":[2833,29,1],"tags":[],"class_list":["post-43872","post","type-post","status-publish","format-standard","has-post-thumbnail","hentry","category-cultura","category-destaque","category-noticias"],"_links":{"self":[{"href":"https:\/\/tvtecjundiai.com.br\/news\/wp-json\/wp\/v2\/posts\/43872","targetHints":{"allow":["GET"]}}],"collection":[{"href":"https:\/\/tvtecjundiai.com.br\/news\/wp-json\/wp\/v2\/posts"}],"about":[{"href":"https:\/\/tvtecjundiai.com.br\/news\/wp-json\/wp\/v2\/types\/post"}],"author":[{"embeddable":true,"href":"https:\/\/tvtecjundiai.com.br\/news\/wp-json\/wp\/v2\/users\/13"}],"replies":[{"embeddable":true,"href":"https:\/\/tvtecjundiai.com.br\/news\/wp-json\/wp\/v2\/comments?post=43872"}],"version-history":[{"count":2,"href":"https:\/\/tvtecjundiai.com.br\/news\/wp-json\/wp\/v2\/posts\/43872\/revisions"}],"predecessor-version":[{"id":43895,"href":"https:\/\/tvtecjundiai.com.br\/news\/wp-json\/wp\/v2\/posts\/43872\/revisions\/43895"}],"wp:featuredmedia":[{"embeddable":true,"href":"https:\/\/tvtecjundiai.com.br\/news\/wp-json\/wp\/v2\/media\/43873"}],"wp:attachment":[{"href":"https:\/\/tvtecjundiai.com.br\/news\/wp-json\/wp\/v2\/media?parent=43872"}],"wp:term":[{"taxonomy":"category","embeddable":true,"href":"https:\/\/tvtecjundiai.com.br\/news\/wp-json\/wp\/v2\/categories?post=43872"},{"taxonomy":"post_tag","embeddable":true,"href":"https:\/\/tvtecjundiai.com.br\/news\/wp-json\/wp\/v2\/tags?post=43872"}],"curies":[{"name":"wp","href":"https:\/\/api.w.org\/{rel}","templated":true}]}}