{"id":44408,"date":"2020-01-15T15:34:18","date_gmt":"2020-01-15T17:34:18","guid":{"rendered":"https:\/\/tvtecjundiai.com.br\/news\/?p=44408"},"modified":"2020-01-15T15:34:18","modified_gmt":"2020-01-15T17:34:18","slug":"avenida-de-ivoturucaia-sera-interditada-neste-sabado-18","status":"publish","type":"post","link":"https:\/\/tvtecjundiai.com.br\/news\/2020\/01\/15\/avenida-de-ivoturucaia-sera-interditada-neste-sabado-18\/","title":{"rendered":"Avenida de Ivoturucaia ser\u00e1 interditada neste s\u00e1bado (18)"},"content":{"rendered":"<div id=\"attachment_242981\" style=\"width: 385px\" class=\"wp-caption alignright\"><img loading=\"lazy\" decoding=\"async\" aria-describedby=\"caption-attachment-242981\" class=\"wp-image-242981\" src=\"https:\/\/jundiai.sp.gov.br\/noticias\/wp-content\/uploads\/sites\/32\/2020\/01\/interdicao_rua.jpg\" sizes=\"auto, (max-width: 1176px) 100vw, 1176px\" srcset=\"https:\/\/jundiai.sp.gov.br\/noticias\/wp-content\/uploads\/sites\/32\/2020\/01\/interdicao_rua.jpg 1176w, https:\/\/jundiai.sp.gov.br\/noticias\/wp-content\/uploads\/sites\/32\/2020\/01\/interdicao_rua-300x206.jpg 300w, https:\/\/jundiai.sp.gov.br\/noticias\/wp-content\/uploads\/sites\/32\/2020\/01\/interdicao_rua-768x526.jpg 768w\" alt=\"Neste s\u00e1bado (18), Av. Ema Gossner ser\u00e1 interditada das 8h \u00e0s 15h \" width=\"375\" height=\"256\" aria-describedby=\"caption-attachment-242981\" \/><p id=\"caption-attachment-242981\" class=\"wp-caption-text\">Neste s\u00e1bado (18), Avenida Ema Gossner ser\u00e1 interditada das 8 \u00e0s 15 horas\u00a0<\/p><\/div>\n<p>A Unidade de Gest\u00e3o de Mobilidade e Transporte (UGMT) de Jundia\u00ed vai interditar neste s\u00e1bado, das 8h \u00e0s 15h, a Av. Ema Gossner, no trecho final pr\u00f3ximo \u00e0 Av. Dr. Walter Gossner, no bairro Ivoturucaia. O motivo \u00e9 a realiza\u00e7\u00e3o de um evento social.<\/p>\n<p>J\u00e1 no dia 26 de janeiro, um domingo, haver\u00e1 interdi\u00e7\u00e3o da Rua Nicola Sacramoni, no trecho entre as ruas Jata\u00ed e Igua\u00e7u, na Vila Comercial das 8h \u00e0s 15h, tamb\u00e9m por conta de um evento social.<\/p>\n","protected":false},"excerpt":{"rendered":"<p>A Avenida Ema Gossner ficar\u00e1 interditada das 8 \u00e0s 15 horas\u00a0<\/p>\n","protected":false},"author":8,"featured_media":44409,"comment_status":"closed","ping_status":"closed","sticky":false,"template":"","format":"standard","meta":{"footnotes":""},"categories":[2834,29,5697,1],"tags":[6216],"class_list":["post-44408","post","type-post","status-publish","format-standard","has-post-thumbnail","hentry","category-cidades","category-destaque","category-mobilidade-noticias","category-noticias","tag-interdicao-avenida-ema-gossner"],"_links":{"self":[{"href":"https:\/\/tvtecjundiai.com.br\/news\/wp-json\/wp\/v2\/posts\/44408","targetHints":{"allow":["GET"]}}],"collection":[{"href":"https:\/\/tvtecjundiai.com.br\/news\/wp-json\/wp\/v2\/posts"}],"about":[{"href":"https:\/\/tvtecjundiai.com.br\/news\/wp-json\/wp\/v2\/types\/post"}],"author":[{"embeddable":true,"href":"https:\/\/tvtecjundiai.com.br\/news\/wp-json\/wp\/v2\/users\/8"}],"replies":[{"embeddable":true,"href":"https:\/\/tvtecjundiai.com.br\/news\/wp-json\/wp\/v2\/comments?post=44408"}],"version-history":[{"count":1,"href":"https:\/\/tvtecjundiai.com.br\/news\/wp-json\/wp\/v2\/posts\/44408\/revisions"}],"predecessor-version":[{"id":44410,"href":"https:\/\/tvtecjundiai.com.br\/news\/wp-json\/wp\/v2\/posts\/44408\/revisions\/44410"}],"wp:featuredmedia":[{"embeddable":true,"href":"https:\/\/tvtecjundiai.com.br\/news\/wp-json\/wp\/v2\/media\/44409"}],"wp:attachment":[{"href":"https:\/\/tvtecjundiai.com.br\/news\/wp-json\/wp\/v2\/media?parent=44408"}],"wp:term":[{"taxonomy":"category","embeddable":true,"href":"https:\/\/tvtecjundiai.com.br\/news\/wp-json\/wp\/v2\/categories?post=44408"},{"taxonomy":"post_tag","embeddable":true,"href":"https:\/\/tvtecjundiai.com.br\/news\/wp-json\/wp\/v2\/tags?post=44408"}],"curies":[{"name":"wp","href":"https:\/\/api.w.org\/{rel}","templated":true}]}}