{"id":44412,"date":"2020-01-15T15:38:42","date_gmt":"2020-01-15T17:38:42","guid":{"rendered":"https:\/\/tvtecjundiai.com.br\/news\/?p=44412"},"modified":"2020-01-15T15:59:01","modified_gmt":"2020-01-15T17:59:01","slug":"produtores-do-rio-acima-estreiam-na-festa-da-uva-2020","status":"publish","type":"post","link":"https:\/\/tvtecjundiai.com.br\/news\/2020\/01\/15\/produtores-do-rio-acima-estreiam-na-festa-da-uva-2020\/","title":{"rendered":"Produtores do Rio Acima estreiam na Festa da Uva 2020"},"content":{"rendered":"<p>Os tradicionais bairros produtores de uva em Jundia\u00ed \u2013 Roseira, Caxambu, Travi\u00fa \u2013 v\u00e3o ganhar companhia na 37.\u00aa edi\u00e7\u00e3o da Festa da Uva, que come\u00e7a nesta quinta-feira (16): pela primeira vez, produtores do bairro Rio Acima ir\u00e3o participar do evento. Segundo a diretora de Agroneg\u00f3cio da Unidade de Gest\u00e3o de Agroneg\u00f3cio, Abastecimento e Turismo, Isabel Harder, a amplia\u00e7\u00e3o do n\u00famero de bairros destaca a cidade no segmento rural. \u201cQueremos mostrar que a cidade toda \u00e9 produtora de uva\u201d, afirma.<\/p>\n<p>Um dos estreantes \u00e9 Mailson Zuchatti, do s\u00edtio S\u00e3o Jos\u00e9, cujo bisav\u00f4, ao chegar da It\u00e1lia, se estabeleceu no Rio Acima. Hoje, em um espa\u00e7o de cinco alqueires, ele e a fam\u00edlia cultivam cerca de oito mil p\u00e9s de uva, al\u00e9m de frutas como goiaba e mexerica.<\/p>\n<div id=\"attachment_242978\" style=\"width: 421px\" class=\"wp-caption alignright\"><img loading=\"lazy\" decoding=\"async\" aria-describedby=\"caption-attachment-242978\" class=\"wp-image-242978\" src=\"https:\/\/jundiai.sp.gov.br\/noticias\/wp-content\/uploads\/sites\/32\/2020\/01\/uva_rio_acima-43-1280x853.jpg\" sizes=\"auto, (max-width: 1024px) 100vw, 1024px\" srcset=\"https:\/\/jundiai.sp.gov.br\/noticias\/wp-content\/uploads\/sites\/32\/2020\/01\/uva_rio_acima-43-1280x853.jpg 1280w, https:\/\/jundiai.sp.gov.br\/noticias\/wp-content\/uploads\/sites\/32\/2020\/01\/uva_rio_acima-43-300x200.jpg 300w, https:\/\/jundiai.sp.gov.br\/noticias\/wp-content\/uploads\/sites\/32\/2020\/01\/uva_rio_acima-43-768x512.jpg 768w, https:\/\/jundiai.sp.gov.br\/noticias\/wp-content\/uploads\/sites\/32\/2020\/01\/uva_rio_acima-43-450x300.jpg 450w, https:\/\/jundiai.sp.gov.br\/noticias\/wp-content\/uploads\/sites\/32\/2020\/01\/uva_rio_acima-43.jpg 1323w\" alt=\"\" width=\"411\" height=\"274\" aria-describedby=\"caption-attachment-242978\" \/><p id=\"caption-attachment-242978\" class=\"wp-caption-text\">Um dos estreantes \u00e9 Mailson, cujo bisav\u00f4, ao chegar da It\u00e1lia, se estabeleceu no Rio Acima<\/p><\/div>\n<p>\u201cEstamos meio apreensivos com esta nossa primeira participa\u00e7\u00e3o, porque ser\u00e1 em meio a grandes produtores, e nos \u00faltimos dias trocamos muitas ideias sobre produ\u00e7\u00e3o e decora\u00e7\u00e3o do estande, entre outros assuntos\u201d, conta Mailson. \u201cMas, quando a oportunidade surgiu, n\u00f3s t\u00ednhamos que abra\u00e7ar. Estamos confiantes\u201d.<\/p>\n<p>Jundia\u00ed tem hoje cerca de 550 produtores de uva, divididos em diversos bairros. Mesmo o Rio Acima, associado \u00e0 \u00e1rea urbana, tem s\u00edtios e pequenos produtores. \u201cEstamos ao lado de outros bairros rurais, como S\u00e3o Jos\u00e9 da Pedra Santa e Champirra, que investem na produ\u00e7\u00e3o\u201d, diz Mailson.<\/p>\n<p><strong>Festa da Uva<\/strong><\/p>\n<p>A 37\u00aa Festa da Uva espera um aumento de p\u00fablico de cerca de 5%, ou seja, mais de 200 mil pessoas, e expectativa tamb\u00e9m \u00e9 de um aumento de 10% na venda de frutas em rela\u00e7\u00e3o \u00e0 edi\u00e7\u00e3o anterior da festa, que completa 85 anos em 2020. As crian\u00e7as ser\u00e3o o foco, e a programa\u00e7\u00e3o estar\u00e1 repleta de atra\u00e7\u00f5es culturais e brincadeiras especialmente preparadas para elas. Os adultos poder\u00e3o relembrar a inf\u00e2ncia com atividades como o xadrez e a amarelinha, por exemplo. A abertura oficial ser\u00e1 nesta quinta, 16 de janeiro, \u00e0s 18h, e o evento se estende at\u00e9 a primeira semana de fevereiro.<\/p>\n<p>Em paralelo, no mesmo espa\u00e7o, acontece a 8\u00aa Expo Vinhos. Juntas, trazem v\u00e1rias atra\u00e7\u00f5es como leil\u00e3o, premia\u00e7\u00f5es de uvas, vendas de artesanato, vinhos, licores, bebidas e produtos produzidos por agricultores da cidade, atra\u00e7\u00f5es circenses, workshops enogastron\u00f4micos e\u00a0 a tradicional Cerim\u00f4nia da Pisa da Uva, que acontecer\u00e1 todos os dias sob o comando do Grupo Folklor\u00edstico Stella Bianca, voltado para a preserva\u00e7\u00e3o e divulga\u00e7\u00e3o de dan\u00e7as e m\u00fasicas das diversas regi\u00f5es da It\u00e1lia. Durante toda a festa, cerca de 20 atores representar\u00e3o a hist\u00f3ria do surgimento da uva Niagara rosada, que \u00e9 oriunda de Jundia\u00ed e a protagonista da festa.<\/p>\n<p><strong>SERVI\u00c7O<\/strong><\/p>\n<p><strong>37.\u00aa Festa da Uva e 8.\u00aa Expo Vinhos<\/strong><br \/>\nDias 16, 17, 18, 19, 24, 25,26 e 31 de janeiro \/ 1 e 2 de fevereiro<br \/>\nHor\u00e1rios: Quinta-feira (16) \u2013 \u00e0s 18 h \/ Sextas-feiras \u2013 das 18h \u00e0s 22h \/<br \/>\nS\u00e1bados \u2013 das 10h \u00e0s 22h \/ Domingos \u2013 das 10h \u00e0s 21h<br \/>\nLocal: Parque Comendador Ant\u00f4nio Carbonari \u2013 Parque da Uva \u2013 Av. Jundia\u00ed s\/n<br \/>\nInforma\u00e7\u00f5es pelo telefone (11) 4589-8580 ou <a href=\"https:\/\/festadauva.jundiai.sp.gov.br\/\">https:\/\/festadauva.jundiai.sp.gov.br\/<\/a>.<br \/>\nEntrada gratuita<\/p>\n<p>A\u00e7\u00e3o solid\u00e1ria: doe 1 quilo de alimento n\u00e3o perec\u00edvel<\/p>\n<p>&nbsp;<\/p>\n<p><em>(Fonte e imagem: Prefeitura de Jundia\u00ed)<\/em><\/p>\n","protected":false},"excerpt":{"rendered":"<p>Jundia\u00ed tem hoje cerca de 550 produtores de uva, divididos em diversos bairros<\/p>\n","protected":false},"author":8,"featured_media":44413,"comment_status":"closed","ping_status":"closed","sticky":false,"template":"","format":"standard","meta":{"footnotes":""},"categories":[2833,29,2829,1],"tags":[6217],"class_list":["post-44412","post","type-post","status-publish","format-standard","has-post-thumbnail","hentry","category-cultura","category-destaque","category-economia","category-noticias","tag-37-a-festa-da-uva-de-jundiai"],"_links":{"self":[{"href":"https:\/\/tvtecjundiai.com.br\/news\/wp-json\/wp\/v2\/posts\/44412","targetHints":{"allow":["GET"]}}],"collection":[{"href":"https:\/\/tvtecjundiai.com.br\/news\/wp-json\/wp\/v2\/posts"}],"about":[{"href":"https:\/\/tvtecjundiai.com.br\/news\/wp-json\/wp\/v2\/types\/post"}],"author":[{"embeddable":true,"href":"https:\/\/tvtecjundiai.com.br\/news\/wp-json\/wp\/v2\/users\/8"}],"replies":[{"embeddable":true,"href":"https:\/\/tvtecjundiai.com.br\/news\/wp-json\/wp\/v2\/comments?post=44412"}],"version-history":[{"count":6,"href":"https:\/\/tvtecjundiai.com.br\/news\/wp-json\/wp\/v2\/posts\/44412\/revisions"}],"predecessor-version":[{"id":44424,"href":"https:\/\/tvtecjundiai.com.br\/news\/wp-json\/wp\/v2\/posts\/44412\/revisions\/44424"}],"wp:featuredmedia":[{"embeddable":true,"href":"https:\/\/tvtecjundiai.com.br\/news\/wp-json\/wp\/v2\/media\/44413"}],"wp:attachment":[{"href":"https:\/\/tvtecjundiai.com.br\/news\/wp-json\/wp\/v2\/media?parent=44412"}],"wp:term":[{"taxonomy":"category","embeddable":true,"href":"https:\/\/tvtecjundiai.com.br\/news\/wp-json\/wp\/v2\/categories?post=44412"},{"taxonomy":"post_tag","embeddable":true,"href":"https:\/\/tvtecjundiai.com.br\/news\/wp-json\/wp\/v2\/tags?post=44412"}],"curies":[{"name":"wp","href":"https:\/\/api.w.org\/{rel}","templated":true}]}}