{"id":44499,"date":"2020-01-16T17:26:51","date_gmt":"2020-01-16T19:26:51","guid":{"rendered":"https:\/\/tvtecjundiai.com.br\/news\/?p=44499"},"modified":"2020-01-16T17:26:51","modified_gmt":"2020-01-16T19:26:51","slug":"temperatura-pode-cair-nesta-sexta-17-em-jundiai","status":"publish","type":"post","link":"https:\/\/tvtecjundiai.com.br\/news\/2020\/01\/16\/temperatura-pode-cair-nesta-sexta-17-em-jundiai\/","title":{"rendered":"Temperatura pode cair nesta sexta (17) em Jundia\u00ed"},"content":{"rendered":"<p>O dia amanhece com sol e muitas nuvens e que deve ter chuva &#8211; as chances s\u00e3o de 90% &#8211; entre a tarde e a noite.\u00a0A previs\u00e3o \u00e9 de um dia nublado, com chuva em v\u00e1rios momentos, para o litoral, Grande SP e cidades como Jundia\u00ed, pr\u00f3ximas \u00e0 Campinas, Sorocaba e Itapetininga.<\/p>\n<div id=\"attachment_44502\" style=\"width: 339px\" class=\"wp-caption alignright\"><a href=\"https:\/\/tvtecjundiai.com.br\/news\/wp-content\/uploads\/sites\/2\/2020\/01\/IMG_7139.jpg\"><img loading=\"lazy\" decoding=\"async\" aria-describedby=\"caption-attachment-44502\" class=\"wp-image-44502 \" src=\"https:\/\/tvtecjundiai.com.br\/news\/wp-content\/uploads\/sites\/2\/2020\/01\/IMG_7139-e1579202697487-300x197.jpg\" alt=\"\" width=\"329\" height=\"216\" \/><\/a><p id=\"caption-attachment-44502\" class=\"wp-caption-text\">Entardecer com c\u00e9u carregado &#8211; cena comum nas tardes deste ver\u00e3o<\/p><\/div>\n<p>A chuva mais volumosa deve cair entre a madrugada e as primeiras horas da manh\u00e3. N\u00e3o est\u00e1 descartada uma chuva mais fraca ao longo de toda a sexta-feira.\u00a0 A previs\u00e3o \u00e9 de que a temperatura caia de forma acentuada e o dia seja bem ameno.<\/p>\n<p>&nbsp;<\/p>\n<p><em>(Fonte: Climatempo. Imagem: TVTEC)<\/em><\/p>\n","protected":false},"excerpt":{"rendered":"<p>A temperatura m\u00ednima prevista para a madrugada \u00e9 de 22\u00ba C<\/p>\n","protected":false},"author":8,"featured_media":44502,"comment_status":"closed","ping_status":"closed","sticky":false,"template":"","format":"standard","meta":{"footnotes":""},"categories":[3185,29],"tags":[6221,5032],"class_list":["post-44499","post","type-post","status-publish","format-standard","has-post-thumbnail","hentry","category-clima","category-destaque","tag-clima-em-jundiai-e-cidades-da-regiao","tag-clima-em-jundiai-e-grande-sp"],"_links":{"self":[{"href":"https:\/\/tvtecjundiai.com.br\/news\/wp-json\/wp\/v2\/posts\/44499","targetHints":{"allow":["GET"]}}],"collection":[{"href":"https:\/\/tvtecjundiai.com.br\/news\/wp-json\/wp\/v2\/posts"}],"about":[{"href":"https:\/\/tvtecjundiai.com.br\/news\/wp-json\/wp\/v2\/types\/post"}],"author":[{"embeddable":true,"href":"https:\/\/tvtecjundiai.com.br\/news\/wp-json\/wp\/v2\/users\/8"}],"replies":[{"embeddable":true,"href":"https:\/\/tvtecjundiai.com.br\/news\/wp-json\/wp\/v2\/comments?post=44499"}],"version-history":[{"count":1,"href":"https:\/\/tvtecjundiai.com.br\/news\/wp-json\/wp\/v2\/posts\/44499\/revisions"}],"predecessor-version":[{"id":44503,"href":"https:\/\/tvtecjundiai.com.br\/news\/wp-json\/wp\/v2\/posts\/44499\/revisions\/44503"}],"wp:featuredmedia":[{"embeddable":true,"href":"https:\/\/tvtecjundiai.com.br\/news\/wp-json\/wp\/v2\/media\/44502"}],"wp:attachment":[{"href":"https:\/\/tvtecjundiai.com.br\/news\/wp-json\/wp\/v2\/media?parent=44499"}],"wp:term":[{"taxonomy":"category","embeddable":true,"href":"https:\/\/tvtecjundiai.com.br\/news\/wp-json\/wp\/v2\/categories?post=44499"},{"taxonomy":"post_tag","embeddable":true,"href":"https:\/\/tvtecjundiai.com.br\/news\/wp-json\/wp\/v2\/tags?post=44499"}],"curies":[{"name":"wp","href":"https:\/\/api.w.org\/{rel}","templated":true}]}}