{"id":45124,"date":"2020-01-27T16:15:01","date_gmt":"2020-01-27T18:15:01","guid":{"rendered":"https:\/\/tvtecjundiai.com.br\/news\/?p=45124"},"modified":"2020-01-27T17:03:43","modified_gmt":"2020-01-27T19:03:43","slug":"prefeitura-de-jundiai-inicia-pavimentacao-e-drenagem-da-rua-8-no-novo-horizonte","status":"publish","type":"post","link":"https:\/\/tvtecjundiai.com.br\/news\/2020\/01\/27\/prefeitura-de-jundiai-inicia-pavimentacao-e-drenagem-da-rua-8-no-novo-horizonte\/","title":{"rendered":"Prefeitura de Jundia\u00ed inicia pavimenta\u00e7\u00e3o e drenagem da Rua 8, no Novo Horizonte"},"content":{"rendered":"<p>O prefeito de Jundia\u00ed, Luiz Fernando Machado, assinou na manh\u00e3 desta segunda-feira (27), a ordem de servi\u00e7o autorizando o in\u00edcio das obras de drenagem e pavimenta\u00e7\u00e3o da via, que ser\u00e3o executadas pela Jofege Pavimenta\u00e7\u00e3o e Constru\u00e7\u00e3o Ltda. .<\/p>\n<div id=\"attachment_243661\" style=\"width: 464px\" class=\"wp-caption alignright\"><img loading=\"lazy\" decoding=\"async\" aria-describedby=\"caption-attachment-243661\" class=\"wp-image-243661\" src=\"https:\/\/jundiai.sp.gov.br\/noticias\/wp-content\/uploads\/sites\/32\/2020\/01\/inicio_obra_rua_8_novo_horizonte_assinatura_prefeito-338-1280x824.jpg\" sizes=\"auto, (max-width: 1024px) 100vw, 1024px\" srcset=\"https:\/\/jundiai.sp.gov.br\/noticias\/wp-content\/uploads\/sites\/32\/2020\/01\/inicio_obra_rua_8_novo_horizonte_assinatura_prefeito-338-1280x824.jpg 1280w, https:\/\/jundiai.sp.gov.br\/noticias\/wp-content\/uploads\/sites\/32\/2020\/01\/inicio_obra_rua_8_novo_horizonte_assinatura_prefeito-338-300x193.jpg 300w, https:\/\/jundiai.sp.gov.br\/noticias\/wp-content\/uploads\/sites\/32\/2020\/01\/inicio_obra_rua_8_novo_horizonte_assinatura_prefeito-338-768x495.jpg 768w, https:\/\/jundiai.sp.gov.br\/noticias\/wp-content\/uploads\/sites\/32\/2020\/01\/inicio_obra_rua_8_novo_horizonte_assinatura_prefeito-338.jpg 1323w\" alt=\"Prefeito Luiz Fernando assinou nesta segunda a ordem de servi\u00e7o para o come\u00e7o das obras da Rua 8\" width=\"454\" height=\"292\" aria-describedby=\"caption-attachment-243661\" \/><p id=\"caption-attachment-243661\" class=\"wp-caption-text\">O prefeito Luiz Fernando fez quest\u00e3o de assinar a ordem de servi\u00e7o no local das obras<\/p><\/div>\n<p>A rua ainda ter\u00e1 sua largura aumentada dos atuais 7 m para 16 m (10 m de leito carro\u00e7\u00e1vel) e 6 m de cal\u00e7adas (3 m em cada lado). O prazo para o fim dos trabalhos \u00e9 o segundo semestre deste ano e o investimento na pavimenta\u00e7\u00e3o e na drenagem \u00e9 de pouco mais de R$ 13,4 milh\u00f5es, como resultado do programa \u201cAvan\u00e7a Jundia\u00ed\u201d.<\/p>\n<p>O\u00a0chefe do Executivo foi recebido no canteiro de obras pelos trabalhadores que far\u00e3o as melhorias, al\u00e9m de moradores e comerciantes, que h\u00e1 anos reclamam das condi\u00e7\u00f5es ruins da Rua 8. Ao lado de Luiz Fernando, estavam os vereadores Edicarlos Vieira e Romildo Antonio da Silva e os gestores Adilson Rosa (Infraestrutura e Servi\u00e7os P\u00fablicos) e Thiago Maia (Inova\u00e7\u00e3o e Rela\u00e7\u00e3o com o Cidad\u00e3o).<\/p>\n<p>\u201cEste \u00e9 um sonho realizado, n\u00e3o s\u00f3 para voc\u00eas que vivem aqui como para mim tamb\u00e9m. Estamos come\u00e7ando a obra sem \u2018maquiagem\u2019. Isso n\u00e3o seria justo para a popula\u00e7\u00e3o do Novo Horizonte\u201d, disse o prefeito. \u201cA Rua 8 ter\u00e1 asfalto e drenagem bem feitos, pois a \u00e1gua, sem um destino certo, encontra a casa das pessoas em dias de chuvas fortes, causando transtornos\u201d, emendou Luiz Fernando.<\/p>\n<p>Moradora no bairro h\u00e1 mais de 20 anos, Vanilsa Antonio dos Santos comemorou a melhoria da via, que tem terra em sua maior parte e peda\u00e7os isolados de asfalto. \u201cOs carros quase n\u00e3o andam na via, por conta dos buracos. Al\u00e9m disso, quando faz sol \u00e9 s\u00f3 p\u00f3 e quando chove \u00e9 s\u00f3 lama. Nos moradores merecemos este asfaltamento\u201d, contou Vanilsa.<\/p>\n<div id=\"attachment_243663\" class=\"wp-caption aligncenter\"><span style=\"font-size: 16px;\">O comerciante Joaquim Soares da Costa disse que a rua s\u00f3 tem uma boca de lobo, por isso alaga quando a \u00e1gua cai do c\u00e9u. \u201cNosso bairro vai melhorar 100% com o asfalto e ficar\u00e1 muito valorizado. Moro aqui h\u00e1 16 anos e a Rua 8 s\u00f3 piora com o passar do tempo. J\u00e1 perdi clientes em dias de chuvas porque eles n\u00e3o conseguiram estacionar na Rua 8. Ela estava alagada\u201d, admitiu Joaquim.<\/span><\/div>\n<div id=\"attachment_243663\" style=\"width: 378px\" class=\"wp-caption alignleft\"><img loading=\"lazy\" decoding=\"async\" aria-describedby=\"caption-attachment-243663\" class=\"wp-image-243663 \" src=\"https:\/\/jundiai.sp.gov.br\/noticias\/wp-content\/uploads\/sites\/32\/2020\/01\/inicio_obra_rua_8_novo_horizonte_assinatura_prefeito-43-1280x871.jpg\" sizes=\"auto, (max-width: 1024px) 100vw, 1024px\" srcset=\"https:\/\/jundiai.sp.gov.br\/noticias\/wp-content\/uploads\/sites\/32\/2020\/01\/inicio_obra_rua_8_novo_horizonte_assinatura_prefeito-43-1280x871.jpg 1280w, https:\/\/jundiai.sp.gov.br\/noticias\/wp-content\/uploads\/sites\/32\/2020\/01\/inicio_obra_rua_8_novo_horizonte_assinatura_prefeito-43-300x204.jpg 300w, https:\/\/jundiai.sp.gov.br\/noticias\/wp-content\/uploads\/sites\/32\/2020\/01\/inicio_obra_rua_8_novo_horizonte_assinatura_prefeito-43-768x522.jpg 768w, https:\/\/jundiai.sp.gov.br\/noticias\/wp-content\/uploads\/sites\/32\/2020\/01\/inicio_obra_rua_8_novo_horizonte_assinatura_prefeito-43.jpg 1323w\" alt=\"Vanilsa est\u00e1 muito feliz com as melhorias que est\u00e3o sendo feitas no Novo Horizonte\" width=\"368\" height=\"250\" aria-describedby=\"caption-attachment-243663\" \/><p id=\"caption-attachment-243663\" class=\"wp-caption-text\">Os moradores, como Vanilsa, comemoraram a chegada das melhorias no Novo Horizonte<\/p><\/div>\n<p><strong>Obras j\u00e1 come\u00e7aram<\/strong><\/p>\n<p>As obras da Rua 8 j\u00e1 come\u00e7aram, com os primeiros levantamentos topogr\u00e1ficos sendo feitos. Em seguida vir\u00e3o a retirada das \u00e1rvores (que ser\u00e3o replantadas), a drenagem, a retirada dos 56 postes (a ser executada pela CPFL), a fresagem (raspagem do piso atual) e o asfaltamento propriamente dito.<\/p>\n<p>A drenagem ter\u00e1 tubula\u00e7\u00e3o subterr\u00e2nea e a pavimenta\u00e7\u00e3o vai da Alameda Cesp at\u00e9 a Av. Henrique Brunini, de acordo com a Unidade de Gest\u00e3o de Infraestrutura e Servi\u00e7os P\u00fablicos (UGISP). A obra ainda ter\u00e1 180 bocas de lobo e ilumina\u00e7\u00e3o.<\/p>\n<p>A Rua 8 tem 3,5km de extens\u00e3o. Ser\u00e3o usados na obra de drenagem 3.900 metros de tubos de concreto e a \u00e1rea total da pavimenta\u00e7\u00e3o \u00e9 de 37 mil metros quadrados.<\/p>\n<p>&nbsp;<\/p>\n<p><em>(Fonte e imagens: Prefeitura de Jundia\u00ed)<\/em><\/p>\n","protected":false},"excerpt":{"rendered":"<p>O investimento \u00e9 de mais de R$ 13,4 milh\u00f5es, dentro do programa Avan\u00e7a Jundia\u00ed<\/p>\n","protected":false},"author":8,"featured_media":45141,"comment_status":"closed","ping_status":"closed","sticky":false,"template":"","format":"standard","meta":{"footnotes":""},"categories":[2834,5697,1],"tags":[],"class_list":["post-45124","post","type-post","status-publish","format-standard","has-post-thumbnail","hentry","category-cidades","category-mobilidade-noticias","category-noticias"],"_links":{"self":[{"href":"https:\/\/tvtecjundiai.com.br\/news\/wp-json\/wp\/v2\/posts\/45124","targetHints":{"allow":["GET"]}}],"collection":[{"href":"https:\/\/tvtecjundiai.com.br\/news\/wp-json\/wp\/v2\/posts"}],"about":[{"href":"https:\/\/tvtecjundiai.com.br\/news\/wp-json\/wp\/v2\/types\/post"}],"author":[{"embeddable":true,"href":"https:\/\/tvtecjundiai.com.br\/news\/wp-json\/wp\/v2\/users\/8"}],"replies":[{"embeddable":true,"href":"https:\/\/tvtecjundiai.com.br\/news\/wp-json\/wp\/v2\/comments?post=45124"}],"version-history":[{"count":5,"href":"https:\/\/tvtecjundiai.com.br\/news\/wp-json\/wp\/v2\/posts\/45124\/revisions"}],"predecessor-version":[{"id":45142,"href":"https:\/\/tvtecjundiai.com.br\/news\/wp-json\/wp\/v2\/posts\/45124\/revisions\/45142"}],"wp:featuredmedia":[{"embeddable":true,"href":"https:\/\/tvtecjundiai.com.br\/news\/wp-json\/wp\/v2\/media\/45141"}],"wp:attachment":[{"href":"https:\/\/tvtecjundiai.com.br\/news\/wp-json\/wp\/v2\/media?parent=45124"}],"wp:term":[{"taxonomy":"category","embeddable":true,"href":"https:\/\/tvtecjundiai.com.br\/news\/wp-json\/wp\/v2\/categories?post=45124"},{"taxonomy":"post_tag","embeddable":true,"href":"https:\/\/tvtecjundiai.com.br\/news\/wp-json\/wp\/v2\/tags?post=45124"}],"curies":[{"name":"wp","href":"https:\/\/api.w.org\/{rel}","templated":true}]}}