{"id":45270,"date":"2020-01-29T12:30:44","date_gmt":"2020-01-29T14:30:44","guid":{"rendered":"https:\/\/tvtecjundiai.com.br\/news\/?p=45270"},"modified":"2020-01-29T12:30:44","modified_gmt":"2020-01-29T14:30:44","slug":"de-25-acidentes-fatais-em-jundiai-13-envolveram-motos-em-2019","status":"publish","type":"post","link":"https:\/\/tvtecjundiai.com.br\/news\/2020\/01\/29\/de-25-acidentes-fatais-em-jundiai-13-envolveram-motos-em-2019\/","title":{"rendered":"De 25 acidentes fatais em Jundia\u00ed, 13 envolveram motos em 2019"},"content":{"rendered":"<p>Apesar da redu\u00e7\u00e3o das mortes no tr\u00e2nsito, na estat\u00edstica geral, de janeiro a novembro de 2019, houve 25 acidentes fatais nas ruas de Jundia\u00ed. Desse total, 13 envolveram motociclistas. Em compara\u00e7\u00e3o ao ano anterior, com 28 acidentes fatais, houve redu\u00e7\u00e3o. Mas a situa\u00e7\u00e3o \u00e9 considerada preocupante.<\/p>\n<p>O diretor de Tr\u00e2nsito de Jundia\u00ed, Wlamir Lopes da Costa, considera o n\u00famero significativo, porque 50% das mortes envolveram motociclistas e, desses 50%, um ter\u00e7o envolve jovens de 18 a 24 anos.<\/p>\n<p>CONFIRA. ASSISTA A REPORTAGEM NA \u00cdNTEGRA<\/p>\n<p>https:\/\/www.facebook.com\/tvtecjundiai\/videos\/115455679807691\/<\/p>\n<p><strong>Assista tamb\u00e9m:<\/strong><\/p>\n<p><a href=\"https:\/\/tvtecjundiai.com.br\/news\/2020\/01\/15\/tvtec-lanca-serie-de-videos-sobre-imprudencia-no-transito\/\" target=\"_blank\" rel=\"noopener noreferrer\"><strong>TVTEC lan\u00e7a s\u00e9rie de v\u00eddeos sobre imprud\u00eancia no tr\u00e2nsito<\/strong><\/a><\/p>\n<p><strong><a href=\"https:\/\/tvtecjundiai.com.br\/news\/2020\/01\/17\/tvtec-mostra-como-agir-diante-de-acidente-no-transito\/\">TVTEC mostra como agir diante de acidente no tr\u00e2nsito<\/a><\/strong><\/p>\n<p><a href=\"https:\/\/tvtecjundiai.com.br\/news\/2020\/01\/24\/excesso-de-velocidade-amplia-risco-de-tragedias-no-transito-de-jundiai\/\" target=\"_blank\" rel=\"noopener noreferrer\"><strong>Excesso de velocidade amplia risco de trag\u00e9dias no tr\u00e2nsito de Jundia\u00ed<\/strong><\/a><\/p>\n","protected":false},"excerpt":{"rendered":"<p>A estat\u00edstica divulgada \u00e9 de acidentes entre janeiro a novembro de 2019<\/p>\n","protected":false},"author":8,"featured_media":45278,"comment_status":"closed","ping_status":"closed","sticky":false,"template":"","format":"standard","meta":{"footnotes":""},"categories":[2834,29,5697,1],"tags":[6256],"class_list":["post-45270","post","type-post","status-publish","format-standard","has-post-thumbnail","hentry","category-cidades","category-destaque","category-mobilidade-noticias","category-noticias","tag-imprudencia-do-transito"],"_links":{"self":[{"href":"https:\/\/tvtecjundiai.com.br\/news\/wp-json\/wp\/v2\/posts\/45270","targetHints":{"allow":["GET"]}}],"collection":[{"href":"https:\/\/tvtecjundiai.com.br\/news\/wp-json\/wp\/v2\/posts"}],"about":[{"href":"https:\/\/tvtecjundiai.com.br\/news\/wp-json\/wp\/v2\/types\/post"}],"author":[{"embeddable":true,"href":"https:\/\/tvtecjundiai.com.br\/news\/wp-json\/wp\/v2\/users\/8"}],"replies":[{"embeddable":true,"href":"https:\/\/tvtecjundiai.com.br\/news\/wp-json\/wp\/v2\/comments?post=45270"}],"version-history":[{"count":1,"href":"https:\/\/tvtecjundiai.com.br\/news\/wp-json\/wp\/v2\/posts\/45270\/revisions"}],"predecessor-version":[{"id":45283,"href":"https:\/\/tvtecjundiai.com.br\/news\/wp-json\/wp\/v2\/posts\/45270\/revisions\/45283"}],"wp:featuredmedia":[{"embeddable":true,"href":"https:\/\/tvtecjundiai.com.br\/news\/wp-json\/wp\/v2\/media\/45278"}],"wp:attachment":[{"href":"https:\/\/tvtecjundiai.com.br\/news\/wp-json\/wp\/v2\/media?parent=45270"}],"wp:term":[{"taxonomy":"category","embeddable":true,"href":"https:\/\/tvtecjundiai.com.br\/news\/wp-json\/wp\/v2\/categories?post=45270"},{"taxonomy":"post_tag","embeddable":true,"href":"https:\/\/tvtecjundiai.com.br\/news\/wp-json\/wp\/v2\/tags?post=45270"}],"curies":[{"name":"wp","href":"https:\/\/api.w.org\/{rel}","templated":true}]}}