{"id":45495,"date":"2020-01-31T17:27:46","date_gmt":"2020-01-31T19:27:46","guid":{"rendered":"https:\/\/tvtecjundiai.com.br\/news\/?p=45495"},"modified":"2020-01-31T18:15:39","modified_gmt":"2020-01-31T20:15:39","slug":"programacao-de-fevereiro-do-sesc-jundiai-tem-atividades-para-toda-a-familia","status":"publish","type":"post","link":"https:\/\/tvtecjundiai.com.br\/news\/2020\/01\/31\/programacao-de-fevereiro-do-sesc-jundiai-tem-atividades-para-toda-a-familia\/","title":{"rendered":"Programa\u00e7\u00e3o de fevereiro do Sesc Jundia\u00ed tem atividades para toda a fam\u00edlia"},"content":{"rendered":"<div id=\"attachment_45497\" style=\"width: 444px\" class=\"wp-caption alignright\"><a href=\"https:\/\/tvtecjundiai.com.br\/news\/wp-content\/uploads\/sites\/2\/2020\/01\/esporte-serginho-volei-10022017-0024.jpg\"><img loading=\"lazy\" decoding=\"async\" aria-describedby=\"caption-attachment-45497\" class=\"wp-image-45497\" src=\"https:\/\/tvtecjundiai.com.br\/news\/wp-content\/uploads\/sites\/2\/2020\/01\/esporte-serginho-volei-10022017-0024-300x200.jpg\" alt=\"\" width=\"434\" height=\"289\" srcset=\"https:\/\/tvtecjundiai.com.br\/news\/wp-content\/uploads\/sites\/2\/2020\/01\/esporte-serginho-volei-10022017-0024-300x200.jpg 300w, https:\/\/tvtecjundiai.com.br\/news\/wp-content\/uploads\/sites\/2\/2020\/01\/esporte-serginho-volei-10022017-0024-768x512.jpg 768w, https:\/\/tvtecjundiai.com.br\/news\/wp-content\/uploads\/sites\/2\/2020\/01\/esporte-serginho-volei-10022017-0024.jpg 1125w\" sizes=\"auto, (max-width: 434px) 100vw, 434px\" \/><\/a><p id=\"caption-attachment-45497\" class=\"wp-caption-text\">Com entrada gratuita, a conversa ser\u00e1 no domingo (9), \u00e0s 11 horas.<\/p><\/div>\n<p>A programa\u00e7\u00e3o do Sesc Jundia\u00ed para o m\u00eas de fevereiro est\u00e1 repleta de atra\u00e7\u00f5es para toda a fam\u00edlia. Aulas abertas, interven\u00e7\u00f5es art\u00edsticas e culturais, viv\u00eancias, atividades para os pequeninos, espet\u00e1culos, m\u00fasicas, exibi\u00e7\u00f5es, oficinas, bate-papo e muito mais.<\/p>\n<p>Entre elas, h\u00e1 destaque para o bate papo: <strong>&#8220;Treinando com o Especialista&#8221;<\/strong>, com Serginho Escadinha, considerado o melhor l\u00edbero da hist\u00f3ria do v\u00f4lei, com defesas dif\u00edceis e passes preciosos, fazendo diferen\u00e7a em suas atua\u00e7\u00f5es. O atleta fala de sua carreira, desafios e conquistas. Com entrada gratuita, a conversa acontece no domingo (9), \u00e0s 11 horas.<\/p>\n<p>Entrando no clima de festa, acontece o <strong>&#8220;Carnaval para pequenos foli\u00f5es&#8221;<\/strong>, no dia 25, \u00e0s 11 horas, com entrada gratuita, na \u00c1rea de Conviv\u00eancia. O evento proporciona aos pais e filhos a experi\u00eancia de um bailinho de carnaval, a partir de um espet\u00e1culo com rigor, musical e c\u00eanico, utilizando-se da figura do palha\u00e7o para realizar divertidas intera\u00e7\u00f5es com a plateia, al\u00e9m da apresenta\u00e7\u00e3o da Orquestra Modesta.<\/p>\n<p>Para aqueles que gostam de colocar a m\u00e3o na massa, de 22 a 25 de fevereiro, das 10h30 \u00e0s 14h30 acontece a oficina <strong>(Re)fantasiando o Carnaval<\/strong>, para confec\u00e7\u00e3o de novas fantasias para brincar o carnaval, tendo como base um mix de fantasias da maior festa popular brasileira dos anos anteriores. Entrada gratuita.<\/p>\n<div id=\"attachment_45498\" style=\"width: 391px\" class=\"wp-caption alignleft\"><a href=\"https:\/\/tvtecjundiai.com.br\/news\/wp-content\/uploads\/sites\/2\/2020\/01\/unnamed.jpg\"><img loading=\"lazy\" decoding=\"async\" aria-describedby=\"caption-attachment-45498\" class=\"wp-image-45498\" src=\"https:\/\/tvtecjundiai.com.br\/news\/wp-content\/uploads\/sites\/2\/2020\/01\/unnamed-300x200.jpg\" alt=\"\" width=\"381\" height=\"254\" srcset=\"https:\/\/tvtecjundiai.com.br\/news\/wp-content\/uploads\/sites\/2\/2020\/01\/unnamed-300x200.jpg 300w, https:\/\/tvtecjundiai.com.br\/news\/wp-content\/uploads\/sites\/2\/2020\/01\/unnamed.jpg 512w\" sizes=\"auto, (max-width: 381px) 100vw, 381px\" \/><\/a><p id=\"caption-attachment-45498\" class=\"wp-caption-text\">Os pequenos se divertem em diversas atividades<\/p><\/div>\n<p><strong>&#8220;Toda crian\u00e7a \u00e9 artista&#8221;<\/strong> tamb\u00e9m \u00e9 mais uma op\u00e7\u00e3o! A partir das ideias de maquiagens propostas pelo p\u00fablico e de refer\u00eancias da cena art\u00edstica brasileira, ser\u00e3o incentivadas cria\u00e7\u00f5es autorais da crian\u00e7a, garantindo a express\u00e3o facial carnavalesca. O ateli\u00ea acontece nos dias 22 e 25 (s\u00e1bado e ter\u00e7a, das 14h \u00e0s 15h), dia 23 (domingo, das 11h \u00e0s 12h) e 24 (segunda, das 15h30 \u00e0s 16h30), no espa\u00e7o de tecnologia e artes, para crian\u00e7as de 4 a 12 anos. Ser\u00e3o formadas 10 duplas por hor\u00e1rio (crian\u00e7a + adulto), entrada gr\u00e1tis com retirada de senhas no loca, 30 minutos antes.<\/p>\n<p>O teatro itinerante de Bonecos Seraf\u00edn oferece um memor\u00e1vel convite ao m\u00e1gico mundo dos bonecos, com o espet\u00e1culo <strong>&#8220;Amaz\u00f4nia&#8221;<\/strong>. Na hist\u00f3ria, Bernado, Moreno e Anah\u00ed enfrentam um grande monstro engolidor de \u00e1rvores. Com entrada gratuita, a apresenta\u00e7\u00e3o acontece na \u00e1rea de conviv\u00eancia. \u00c9 necess\u00e1rio a retirada de ingressos na Central de Atendimento, 30 minutos antes.<\/p>\n<p><em>Confira os hor\u00e1rios: <\/em><\/p>\n<p>Dia 7. Sexta, 11h, 12h, 14h, 15h, 16h, 17h, 19h e 20h<br \/>\nDia 8. S\u00e1bado, 10h30, 11h30, 13h30, 14h30, 15h30, 16h30 e 18h<br \/>\nDia 9. Domingo, 10h30, 12h, 14h, 15h e 17h<\/p>\n<div id=\"attachment_45499\" style=\"width: 489px\" class=\"wp-caption alignright\"><a href=\"https:\/\/tvtecjundiai.com.br\/news\/wp-content\/uploads\/sites\/2\/2020\/01\/kljnl-e1580478562741.jpg\"><img loading=\"lazy\" decoding=\"async\" aria-describedby=\"caption-attachment-45499\" class=\"wp-image-45499\" src=\"https:\/\/tvtecjundiai.com.br\/news\/wp-content\/uploads\/sites\/2\/2020\/01\/kljnl-e1580478562741-300x158.jpg\" alt=\"\" width=\"479\" height=\"252\" srcset=\"https:\/\/tvtecjundiai.com.br\/news\/wp-content\/uploads\/sites\/2\/2020\/01\/kljnl-e1580478562741-300x158.jpg 300w, https:\/\/tvtecjundiai.com.br\/news\/wp-content\/uploads\/sites\/2\/2020\/01\/kljnl-e1580478562741.jpg 368w\" sizes=\"auto, (max-width: 479px) 100vw, 479px\" \/><\/a><p id=\"caption-attachment-45499\" class=\"wp-caption-text\">As pochetes est\u00e3o de volta. Segura e funcionais, mais uma tend\u00eancia no ver\u00e3o.<\/p><\/div>\n<p>As pochetes est\u00e3o de volta. Segura e funcionais, mais uma tend\u00eancia no ver\u00e3o. Na oficina <strong>&#8220;Chuvisco: Pochete de guarda-chuva&#8221;<\/strong>, os participantes a partir de 14 anos, confeccionam suas pochetes imperme\u00e1veis com os tecidos de guarda-chuvas descartados, e refletem sobre a pr\u00e1tica do reaproveitar, do lixo\/res\u00edduo, dos conceitos de upcycling e de economia circular. Com M\u00e1rcio Masselli, ator, artista-educador, figurinista, aderecista, produtor cultural e pesquisador em artes. Material incluso. Produ\u00e7\u00e3o de um objeto por participante. Com entrada gratuita, a oficina acontece nos dias 1 e 2 (s\u00e1bado e domingo, das 11h \u00e0s 17h), no Espa\u00e7o de Tecnologias e Artes. Inscri\u00e7\u00f5es no local, 1 hora antes. Atividade n\u00e3o sequencial.<\/p>\n<p>A programa\u00e7\u00e3o completa pode ser acessada clicando <a href=\"https:\/\/issuu.com\/sescjundiai\/docs\/sescjundiaifev20\">aqui<\/a>.<\/p>\n<p><em>(Fonte: Sesc Jundia\u00ed\/Imagem: Reprodu\u00e7\u00e3o)<\/em><\/p>\n<div id=\"attachment_35576\" class=\"wp-caption alignleft\"><\/div>\n","protected":false},"excerpt":{"rendered":"<p>No cronograma, aulas abertas, interven\u00e7\u00f5es art\u00edsticas e culturais, viv\u00eancias e muito mais  <\/p>\n","protected":false},"author":13,"featured_media":43751,"comment_status":"closed","ping_status":"closed","sticky":false,"template":"","format":"standard","meta":{"footnotes":""},"categories":[2834,2833,3076,3060,1,2824],"tags":[1995],"class_list":["post-45495","post","type-post","status-publish","format-standard","has-post-thumbnail","hentry","category-cidades","category-cultura","category-entretenimento","category-geral","category-noticias","category-variedades","tag-sesc-jundiai"],"_links":{"self":[{"href":"https:\/\/tvtecjundiai.com.br\/news\/wp-json\/wp\/v2\/posts\/45495","targetHints":{"allow":["GET"]}}],"collection":[{"href":"https:\/\/tvtecjundiai.com.br\/news\/wp-json\/wp\/v2\/posts"}],"about":[{"href":"https:\/\/tvtecjundiai.com.br\/news\/wp-json\/wp\/v2\/types\/post"}],"author":[{"embeddable":true,"href":"https:\/\/tvtecjundiai.com.br\/news\/wp-json\/wp\/v2\/users\/13"}],"replies":[{"embeddable":true,"href":"https:\/\/tvtecjundiai.com.br\/news\/wp-json\/wp\/v2\/comments?post=45495"}],"version-history":[{"count":5,"href":"https:\/\/tvtecjundiai.com.br\/news\/wp-json\/wp\/v2\/posts\/45495\/revisions"}],"predecessor-version":[{"id":45572,"href":"https:\/\/tvtecjundiai.com.br\/news\/wp-json\/wp\/v2\/posts\/45495\/revisions\/45572"}],"wp:featuredmedia":[{"embeddable":true,"href":"https:\/\/tvtecjundiai.com.br\/news\/wp-json\/wp\/v2\/media\/43751"}],"wp:attachment":[{"href":"https:\/\/tvtecjundiai.com.br\/news\/wp-json\/wp\/v2\/media?parent=45495"}],"wp:term":[{"taxonomy":"category","embeddable":true,"href":"https:\/\/tvtecjundiai.com.br\/news\/wp-json\/wp\/v2\/categories?post=45495"},{"taxonomy":"post_tag","embeddable":true,"href":"https:\/\/tvtecjundiai.com.br\/news\/wp-json\/wp\/v2\/tags?post=45495"}],"curies":[{"name":"wp","href":"https:\/\/api.w.org\/{rel}","templated":true}]}}