{"id":45837,"date":"2020-02-05T16:10:49","date_gmt":"2020-02-05T18:10:49","guid":{"rendered":"https:\/\/tvtecjundiai.com.br\/news\/?p=45837"},"modified":"2020-02-05T16:13:24","modified_gmt":"2020-02-05T18:13:24","slug":"aviao-derrapa-quebra-em-tres-pedacos-em-pouso-na-turquia-mas-nao-ha-mortos","status":"publish","type":"post","link":"https:\/\/tvtecjundiai.com.br\/news\/2020\/02\/05\/aviao-derrapa-quebra-em-tres-pedacos-em-pouso-na-turquia-mas-nao-ha-mortos\/","title":{"rendered":"Avi\u00e3o derrapa, quebra em tr\u00eas peda\u00e7os em pouso na Turquia, mas n\u00e3o h\u00e1 mortos"},"content":{"rendered":"<p>Um Boeing 737-800 derrapou nesta quarta-feira (5) ao tentar pousar no aeroporto de Istambul, na Turquia. A pista do Aeroporto Internacional Sabiha G\u00f6k\u00e7en estava escorregadia em raz\u00e3o de fortes chuvas. De acordo com a televis\u00e3o local, o avi\u00e3o partiu em tr\u00eas e pegou fogo.<\/p>\n<div id=\"attachment_45838\" style=\"width: 500px\" class=\"wp-caption alignright\"><a href=\"https:\/\/tvtecjundiai.com.br\/news\/wp-content\/uploads\/sites\/2\/2020\/02\/aviao-quda-turquia.jpg\"><img loading=\"lazy\" decoding=\"async\" aria-describedby=\"caption-attachment-45838\" class=\"wp-image-45838\" src=\"https:\/\/tvtecjundiai.com.br\/news\/wp-content\/uploads\/sites\/2\/2020\/02\/aviao-quda-turquia.jpg\" alt=\"\" width=\"490\" height=\"294\" srcset=\"https:\/\/tvtecjundiai.com.br\/news\/wp-content\/uploads\/sites\/2\/2020\/02\/aviao-quda-turquia.jpg 1086w, https:\/\/tvtecjundiai.com.br\/news\/wp-content\/uploads\/sites\/2\/2020\/02\/aviao-quda-turquia-300x180.jpg 300w, https:\/\/tvtecjundiai.com.br\/news\/wp-content\/uploads\/sites\/2\/2020\/02\/aviao-quda-turquia-768x461.jpg 768w\" sizes=\"auto, (max-width: 490px) 100vw, 490px\" \/><\/a><p id=\"caption-attachment-45838\" class=\"wp-caption-text\">O avi\u00e3o pertencente \u00e0 Pegagus Airlines Foto: Reprodu\u00e7\u00e3o\/Redes Sociais<\/p><\/div>\n<p>Nenhum dos 177 passageiros morreu, embora 52 deles tenham ficado feridos &#8211; os dois pilotos, um turco e um sul-coreano, ficaram gravemente, segundo a imprensa turca.<\/p>\n<p>Ele voou entre as cidades turcas de Izmir e Istambul. O aeroporto &#8211; o menor dos dois que ficam na cidade e que se situa na parte asi\u00e1tica de Istambul &#8211; foi fechado ao tr\u00e1fego.<\/p>\n<p>De acordo com a\u00a0<em>CNN Turk<\/em>, os passageiros tiveram de ser retirados j\u00e1 que a fuselagem do aparelho ficou seriamente danificada e rachada em v\u00e1rios pontos.<\/p>\n<p><em>(Fonte: Ag\u00eancia Brasil e O Globo)<\/em><\/p>\n","protected":false},"excerpt":{"rendered":"<p>Dos 177 passageiros, 52 ficaram feridos, dois deles em estado grave &#8211; os pilotos<\/p>\n","protected":false},"author":8,"featured_media":45838,"comment_status":"closed","ping_status":"closed","sticky":false,"template":"","format":"standard","meta":{"footnotes":""},"categories":[2834,5697,1],"tags":[6270],"class_list":["post-45837","post","type-post","status-publish","format-standard","has-post-thumbnail","hentry","category-cidades","category-mobilidade-noticias","category-noticias","tag-acidente-de-aviao"],"_links":{"self":[{"href":"https:\/\/tvtecjundiai.com.br\/news\/wp-json\/wp\/v2\/posts\/45837","targetHints":{"allow":["GET"]}}],"collection":[{"href":"https:\/\/tvtecjundiai.com.br\/news\/wp-json\/wp\/v2\/posts"}],"about":[{"href":"https:\/\/tvtecjundiai.com.br\/news\/wp-json\/wp\/v2\/types\/post"}],"author":[{"embeddable":true,"href":"https:\/\/tvtecjundiai.com.br\/news\/wp-json\/wp\/v2\/users\/8"}],"replies":[{"embeddable":true,"href":"https:\/\/tvtecjundiai.com.br\/news\/wp-json\/wp\/v2\/comments?post=45837"}],"version-history":[{"count":4,"href":"https:\/\/tvtecjundiai.com.br\/news\/wp-json\/wp\/v2\/posts\/45837\/revisions"}],"predecessor-version":[{"id":45842,"href":"https:\/\/tvtecjundiai.com.br\/news\/wp-json\/wp\/v2\/posts\/45837\/revisions\/45842"}],"wp:featuredmedia":[{"embeddable":true,"href":"https:\/\/tvtecjundiai.com.br\/news\/wp-json\/wp\/v2\/media\/45838"}],"wp:attachment":[{"href":"https:\/\/tvtecjundiai.com.br\/news\/wp-json\/wp\/v2\/media?parent=45837"}],"wp:term":[{"taxonomy":"category","embeddable":true,"href":"https:\/\/tvtecjundiai.com.br\/news\/wp-json\/wp\/v2\/categories?post=45837"},{"taxonomy":"post_tag","embeddable":true,"href":"https:\/\/tvtecjundiai.com.br\/news\/wp-json\/wp\/v2\/tags?post=45837"}],"curies":[{"name":"wp","href":"https:\/\/api.w.org\/{rel}","templated":true}]}}