{"id":4625,"date":"2018-01-02T12:14:30","date_gmt":"2018-01-02T14:14:30","guid":{"rendered":"https:\/\/tvtecjundiai.com.br\/news\/?p=4625"},"modified":"2018-01-02T12:14:35","modified_gmt":"2018-01-02T14:14:35","slug":"economia-fgv-aponta-alta-na-confianca-de-empresarios-em-2017","status":"publish","type":"post","link":"https:\/\/tvtecjundiai.com.br\/news\/2018\/01\/02\/economia-fgv-aponta-alta-na-confianca-de-empresarios-em-2017\/","title":{"rendered":"Economia: FGV aponta alta na confian\u00e7a de empres\u00e1rios em 2017"},"content":{"rendered":"<p>O \u00cdndice de Confian\u00e7a Empresarial (ICE), da Funda\u00e7\u00e3o Getulio Vargas (FGV), encerrou 2017 com um aumento de 1,2 ponto em dezembro, na compara\u00e7\u00e3o com novembro. Acumulando seis meses consecutivos de alta, o indicador atingiu 93,1 pontos, o maior n\u00edvel desde abril de 2014 (95,7 pontos).<\/p>\n<div id=\"attachment_4470\" style=\"width: 387px\" class=\"wp-caption alignright\"><a href=\"https:\/\/tvtecjundiai.com.br\/news\/wp-content\/uploads\/sites\/2\/2017\/12\/manicure-e-pedicure-8.jpg\"><img loading=\"lazy\" decoding=\"async\" aria-describedby=\"caption-attachment-4470\" class=\"wp-image-4470\" src=\"https:\/\/tvtecjundiai.com.br\/news\/wp-content\/uploads\/sites\/2\/2017\/12\/manicure-e-pedicure-8-300x200.jpg\" alt=\"\" width=\"377\" height=\"251\" srcset=\"https:\/\/tvtecjundiai.com.br\/news\/wp-content\/uploads\/sites\/2\/2017\/12\/manicure-e-pedicure-8-300x200.jpg 300w, https:\/\/tvtecjundiai.com.br\/news\/wp-content\/uploads\/sites\/2\/2017\/12\/manicure-e-pedicure-8-768x512.jpg 768w, https:\/\/tvtecjundiai.com.br\/news\/wp-content\/uploads\/sites\/2\/2017\/12\/manicure-e-pedicure-8-1200x799.jpg 1200w, https:\/\/tvtecjundiai.com.br\/news\/wp-content\/uploads\/sites\/2\/2017\/12\/manicure-e-pedicure-8.jpg 1267w\" sizes=\"auto, (max-width: 377px) 100vw, 377px\" \/><\/a><p id=\"caption-attachment-4470\" class=\"wp-caption-text\">A maior contribui\u00e7\u00e3o para a alta do \u00edndice em dezembro foi dada pelo setor de Servi\u00e7os (0,5 ponto)<\/p><\/div>\n<p>Segundo o economista da FGV Aloisio Campelo Jr., o ano terminou com uma melhora da percep\u00e7\u00e3o dos empres\u00e1rios sobre a situa\u00e7\u00e3o atual dos neg\u00f3cios e com a retomada do otimismo. A expectativa \u00e9 que a confian\u00e7a continue avan\u00e7ando nos pr\u00f3ximos meses, apesar de n\u00edveis ainda elevados de incerteza pol\u00edtica, segundo Campelo Jr.<\/p>\n<p>O \u00cdndice de Expectativas, que mede a confian\u00e7a em rela\u00e7\u00e3o ao futuro, subiu 1,4 ponto, alcan\u00e7ando 101,3 pontos e ultrapassando, pela primeira vez desde novembro de 2013, a barreira dos 100 pontos. O \u00cdndice da Situa\u00e7\u00e3o Atual, que avalia a situa\u00e7\u00e3o presente, subiu 0,9 ponto e chegou a 87,6 pontos, maior n\u00edvel desde setembro de 2014 (88,1 pontos).<\/p>\n<p>A confian\u00e7a avan\u00e7ou nos quatro setores que integram o indicador. A maior contribui\u00e7\u00e3o para a alta do \u00edndice em dezembro foi dada pelo setor de Servi\u00e7os (0,5 ponto), seguido pelos setores da Ind\u00fastria e do Com\u00e9rcio (0,3 ponto, cada) e da Constru\u00e7\u00e3o (0,1 ponto).<\/p>\n<p>Em dezembro, a confian\u00e7a aumentou em 67% dos 49 segmentos pesquisados pela FGV. Para a edi\u00e7\u00e3o de dezembro de 2017, foram coletadas informa\u00e7\u00f5es de 4.918 empresas entre 1.\u00ba e 26 de dezembro.<\/p>\n<p><strong><em>(Fonte: Ag\u00eancia Brasil)<\/em><\/strong><\/p>\n","protected":false},"excerpt":{"rendered":"<p>O indicador atingiu 93,1 pontos,  maior n\u00edvel desde abril de 2014<\/p>\n","protected":false},"author":8,"featured_media":4626,"comment_status":"closed","ping_status":"closed","sticky":false,"template":"","format":"standard","meta":{"footnotes":""},"categories":[29,1],"tags":[1958,983],"class_list":["post-4625","post","type-post","status-publish","format-standard","has-post-thumbnail","hentry","category-destaque","category-noticias","tag-confianca-do-empresario","tag-fgv"],"_links":{"self":[{"href":"https:\/\/tvtecjundiai.com.br\/news\/wp-json\/wp\/v2\/posts\/4625","targetHints":{"allow":["GET"]}}],"collection":[{"href":"https:\/\/tvtecjundiai.com.br\/news\/wp-json\/wp\/v2\/posts"}],"about":[{"href":"https:\/\/tvtecjundiai.com.br\/news\/wp-json\/wp\/v2\/types\/post"}],"author":[{"embeddable":true,"href":"https:\/\/tvtecjundiai.com.br\/news\/wp-json\/wp\/v2\/users\/8"}],"replies":[{"embeddable":true,"href":"https:\/\/tvtecjundiai.com.br\/news\/wp-json\/wp\/v2\/comments?post=4625"}],"version-history":[{"count":1,"href":"https:\/\/tvtecjundiai.com.br\/news\/wp-json\/wp\/v2\/posts\/4625\/revisions"}],"predecessor-version":[{"id":4627,"href":"https:\/\/tvtecjundiai.com.br\/news\/wp-json\/wp\/v2\/posts\/4625\/revisions\/4627"}],"wp:featuredmedia":[{"embeddable":true,"href":"https:\/\/tvtecjundiai.com.br\/news\/wp-json\/wp\/v2\/media\/4626"}],"wp:attachment":[{"href":"https:\/\/tvtecjundiai.com.br\/news\/wp-json\/wp\/v2\/media?parent=4625"}],"wp:term":[{"taxonomy":"category","embeddable":true,"href":"https:\/\/tvtecjundiai.com.br\/news\/wp-json\/wp\/v2\/categories?post=4625"},{"taxonomy":"post_tag","embeddable":true,"href":"https:\/\/tvtecjundiai.com.br\/news\/wp-json\/wp\/v2\/tags?post=4625"}],"curies":[{"name":"wp","href":"https:\/\/api.w.org\/{rel}","templated":true}]}}