{"id":4722,"date":"2018-01-04T12:17:32","date_gmt":"2018-01-04T14:17:32","guid":{"rendered":"https:\/\/tvtecjundiai.com.br\/news\/?p=4722"},"modified":"2018-01-04T12:17:32","modified_gmt":"2018-01-04T14:17:32","slug":"economia-gestao-integrada-visa-aumentar-recuperacao-de-debitos","status":"publish","type":"post","link":"https:\/\/tvtecjundiai.com.br\/news\/2018\/01\/04\/economia-gestao-integrada-visa-aumentar-recuperacao-de-debitos\/","title":{"rendered":"Economia: Gest\u00e3o Integrada visa aumentar recupera\u00e7\u00e3o de d\u00e9bitos"},"content":{"rendered":"<p>No in\u00edcio de dezembro, a Unidade de Gest\u00e3o de Governo e Finan\u00e7as (UGGF) recebeu aprova\u00e7\u00e3o do Banco Nacional de Desenvolvimento Econ\u00f4mico e Social (BNDES) para as adequa\u00e7\u00f5es solicitadas no projeto Programa de Moderniza\u00e7\u00e3o da Administra\u00e7\u00e3o Tribut\u00e1ria (PMAT) de Jundia\u00ed. Trata-se de um programa que apoia projetos voltados para melhorar o desempenho da gest\u00e3o p\u00fablica e modernizar a administra\u00e7\u00e3o de munic\u00edpios.<\/p>\n<div id=\"attachment_4723\" style=\"width: 431px\" class=\"wp-caption alignright\"><a href=\"https:\/\/tvtecjundiai.com.br\/news\/wp-content\/uploads\/sites\/2\/2018\/01\/financas-4.jpg\"><img loading=\"lazy\" decoding=\"async\" aria-describedby=\"caption-attachment-4723\" class=\"wp-image-4723\" src=\"https:\/\/tvtecjundiai.com.br\/news\/wp-content\/uploads\/sites\/2\/2018\/01\/financas-4-300x224.jpg\" alt=\"\" width=\"421\" height=\"314\" srcset=\"https:\/\/tvtecjundiai.com.br\/news\/wp-content\/uploads\/sites\/2\/2018\/01\/financas-4-300x224.jpg 300w, https:\/\/tvtecjundiai.com.br\/news\/wp-content\/uploads\/sites\/2\/2018\/01\/financas-4-768x573.jpg 768w, https:\/\/tvtecjundiai.com.br\/news\/wp-content\/uploads\/sites\/2\/2018\/01\/financas-4-1200x895.jpg 1200w, https:\/\/tvtecjundiai.com.br\/news\/wp-content\/uploads\/sites\/2\/2018\/01\/financas-4.jpg 1240w\" sizes=\"auto, (max-width: 421px) 100vw, 421px\" \/><\/a><p id=\"caption-attachment-4723\" class=\"wp-caption-text\">Quando estiver pronto, o sistema vai otimizar a cobran\u00e7a de d\u00edvidas e aumentar transpar\u00eancia<\/p><\/div>\n<p>Com o aval dado pelo BNDES, a UGGF vai implantar um Sistema de Gest\u00e3o Integrada, que tornar\u00e1 mais eficiente a gest\u00e3o da recupera\u00e7\u00e3o de cr\u00e9ditos tribut\u00e1rios e promover\u00e1 o controle integrado da cobran\u00e7a dos d\u00e9bitos inscritos em d\u00edvida ativa, conforme explica o gestor da pasta, Jos\u00e9 Antonio Parimoschi. \u201cO sistema permitir\u00e1 a integra\u00e7\u00e3o dos cadastros da d\u00edvida ativa e da cobran\u00e7a administrativa e judicial dos tributos municipais, sincronizado aos cadastros da Administra\u00e7\u00e3o, com todas funcionalidades em ambiente WEB. A proposta tamb\u00e9m aumenta a transpar\u00eancia na rela\u00e7\u00e3o com o contribuinte, pois a ideia \u00e9 permitir que ele acompanhe todas as informa\u00e7\u00f5es sobre seus im\u00f3veis cadastrados no munic\u00edpio, especialmente a situa\u00e7\u00e3o fiscal\u201d.<\/p>\n<p><strong>LEIA TAMB\u00c9M<\/strong><br \/>\n<a href=\"https:\/\/www.jundiai.sp.gov.br\/noticias\/2017\/12\/27\/prefeitura-ja-pagou-65-das-dividas-herdadas-da-gestao-passada\/\" target=\"_blank\" rel=\"noopener\">Prefeitura j\u00e1 pagou 65% das d\u00edvidas herdadas da gest\u00e3o passada<\/a><\/p>\n<p>Com isso, acrescenta o gestor, vai aumentar o n\u00edvel de seguran\u00e7a da informa\u00e7\u00e3o, especialmente com rela\u00e7\u00e3o \u00e0 atualiza\u00e7\u00e3o de cadastros de contribuintes quando da inscri\u00e7\u00e3o em D\u00edvida Ativa. \u201cCom o n\u00famero do CPF ou CNPJ do devedor ser\u00e1 poss\u00edvel visualizar todos os seus d\u00e9bitos e propor a regulariza\u00e7\u00e3o ao fisco\u201d, pontua Parimoschi.<\/p>\n<p>A diretora do Departamento da Receita, Roseli da Pos, informa que ser\u00e3o investidos neste projeto a quantia de R$ 1,8 milh\u00e3o, que est\u00e3o previstos no plano de a\u00e7\u00e3o do BNDES. A iniciativa da UGGF envolve tamb\u00e9m funcionalidades que s\u00e3o de compet\u00eancia da Unidade de Gest\u00e3o de Neg\u00f3cios Jur\u00eddicos e Cidadania (UGNJC), que passar\u00e1 a contar com mais recursos tecnol\u00f3gicos para agilizar as cobran\u00e7as extrajudiciais e judiciais.<\/p>\n","protected":false},"excerpt":{"rendered":"<p>O novo Sistema dar\u00e1 maior efici\u00eancia \u00e0 recupera\u00e7\u00e3o de cr\u00e9ditos tribut\u00e1rios<\/p>\n","protected":false},"author":8,"featured_media":4723,"comment_status":"closed","ping_status":"closed","sticky":false,"template":"","format":"standard","meta":{"footnotes":""},"categories":[1],"tags":[1989,1988,1396],"class_list":["post-4722","post","type-post","status-publish","format-standard","has-post-thumbnail","hentry","category-noticias","tag-bndes","tag-pmar","tag-unidade-de-gestao-de-governo-e-financas"],"_links":{"self":[{"href":"https:\/\/tvtecjundiai.com.br\/news\/wp-json\/wp\/v2\/posts\/4722","targetHints":{"allow":["GET"]}}],"collection":[{"href":"https:\/\/tvtecjundiai.com.br\/news\/wp-json\/wp\/v2\/posts"}],"about":[{"href":"https:\/\/tvtecjundiai.com.br\/news\/wp-json\/wp\/v2\/types\/post"}],"author":[{"embeddable":true,"href":"https:\/\/tvtecjundiai.com.br\/news\/wp-json\/wp\/v2\/users\/8"}],"replies":[{"embeddable":true,"href":"https:\/\/tvtecjundiai.com.br\/news\/wp-json\/wp\/v2\/comments?post=4722"}],"version-history":[{"count":1,"href":"https:\/\/tvtecjundiai.com.br\/news\/wp-json\/wp\/v2\/posts\/4722\/revisions"}],"predecessor-version":[{"id":4724,"href":"https:\/\/tvtecjundiai.com.br\/news\/wp-json\/wp\/v2\/posts\/4722\/revisions\/4724"}],"wp:featuredmedia":[{"embeddable":true,"href":"https:\/\/tvtecjundiai.com.br\/news\/wp-json\/wp\/v2\/media\/4723"}],"wp:attachment":[{"href":"https:\/\/tvtecjundiai.com.br\/news\/wp-json\/wp\/v2\/media?parent=4722"}],"wp:term":[{"taxonomy":"category","embeddable":true,"href":"https:\/\/tvtecjundiai.com.br\/news\/wp-json\/wp\/v2\/categories?post=4722"},{"taxonomy":"post_tag","embeddable":true,"href":"https:\/\/tvtecjundiai.com.br\/news\/wp-json\/wp\/v2\/tags?post=4722"}],"curies":[{"name":"wp","href":"https:\/\/api.w.org\/{rel}","templated":true}]}}