{"id":47957,"date":"2020-03-10T10:42:28","date_gmt":"2020-03-10T13:42:28","guid":{"rendered":"https:\/\/tvtecjundiai.com.br\/news\/?p=47957"},"modified":"2020-03-10T14:08:16","modified_gmt":"2020-03-10T17:08:16","slug":"1a-sexta-no-centro-do-ano-comeca-no-dia-13","status":"publish","type":"post","link":"https:\/\/tvtecjundiai.com.br\/news\/2020\/03\/10\/1a-sexta-no-centro-do-ano-comeca-no-dia-13\/","title":{"rendered":"1\u00aa edi\u00e7\u00e3o do Sexta no Centro do ano traz comemora\u00e7\u00e3o pelo M\u00eas da Mulher"},"content":{"rendered":"<p>A primeira edi\u00e7\u00e3o do Sexta no Centro deste ano ser\u00e1 realizada nesta sexta-feira (13), das 16h \u00e0s 22h, na Pra\u00e7a Marechal Floriano Peixoto (Pra\u00e7a do Coreto). A volta do programa traz como tema o Especial em comemora\u00e7\u00e3o pelo M\u00eas da Mulher, com atra\u00e7\u00f5es musicais gratuitas tem\u00e1ticas para comemorar a causa.<\/p>\n<div id=\"attachment_47999\" style=\"width: 623px\" class=\"wp-caption alignright\"><a href=\"https:\/\/tvtecjundiai.com.br\/news\/wp-content\/uploads\/sites\/2\/2020\/03\/mosaico_sexta_no_centro_dia_da_mulher-1280x368.png\"><img loading=\"lazy\" decoding=\"async\" aria-describedby=\"caption-attachment-47999\" class=\" wp-image-47999\" src=\"https:\/\/tvtecjundiai.com.br\/news\/wp-content\/uploads\/sites\/2\/2020\/03\/mosaico_sexta_no_centro_dia_da_mulher-1280x368-300x86.png\" alt=\"\" width=\"613\" height=\"176\" srcset=\"https:\/\/tvtecjundiai.com.br\/news\/wp-content\/uploads\/sites\/2\/2020\/03\/mosaico_sexta_no_centro_dia_da_mulher-1280x368-300x86.png 300w, https:\/\/tvtecjundiai.com.br\/news\/wp-content\/uploads\/sites\/2\/2020\/03\/mosaico_sexta_no_centro_dia_da_mulher-1280x368-768x221.png 768w, https:\/\/tvtecjundiai.com.br\/news\/wp-content\/uploads\/sites\/2\/2020\/03\/mosaico_sexta_no_centro_dia_da_mulher-1280x368-1200x345.png 1200w, https:\/\/tvtecjundiai.com.br\/news\/wp-content\/uploads\/sites\/2\/2020\/03\/mosaico_sexta_no_centro_dia_da_mulher-1280x368.png 1280w\" sizes=\"auto, (max-width: 613px) 100vw, 613px\" \/><\/a><p id=\"caption-attachment-47999\" class=\"wp-caption-text\">Evento \u00e9 gratuito e aberto ao p\u00fablico<\/p><\/div>\n<p>As atra\u00e7\u00f5es musicais gratuitas come\u00e7am logo \u00e0s 16h30, com Juliane Hooper, que leva ao palco um repert\u00f3rio que mistura Blues, Soul Funk, trabalhos autorais, inspira\u00e7\u00f5es em Amy Winehose e releituras de cl\u00e1ssicos. \u00c0s 18h30 \u00e9 a vez do som cover totalmente brasileiro da banda Contra M\u00e3o, com repert\u00f3rio de pop, reggae, forr\u00f3 e samba. J\u00e1 a partir das 20h30 \u00e9 a banda Ladies of Rock que sobe ao palco com uma mistura de Rock\u2019n\u2019Roll nacional e internacional, inspirada, respectivamente, em nomes como Rita Lee, Pitty, C\u00e1ssia Eller, ACDC e Alanis Morissette.<\/p>\n<p>Os permission\u00e1rios das feiras e varej\u00f5es municipais garantem as del\u00edcias gastron\u00f4micas da festa, com barracas salgados, pasteis, p\u00e3es, lanches, espetinhos, comida \u00e1rabe, pamonha e derivados de milho, tapioca, frango frito e caldo de cana, al\u00e9m de doces, bolos, churros, salada de fruta e chope. J\u00e1 o artesanato fica por conta dos artistas do programa municipal Jundia\u00ed feito \u00e0 M\u00e3o.<\/p>\n<p>Uma novidade das edi\u00e7\u00f5es do Sexta no Centro ser\u00e3o as participa\u00e7\u00f5es de autores jundiaienses para exposi\u00e7\u00e3o e venda de livros, numa iniciativa em parceria com a c\u00e2mara setorial do Conselho Municipal de Pol\u00edticas Culturais (CMPC).<\/p>\n<p>Como parte da programa\u00e7\u00e3o do M\u00eas da Promo\u00e7\u00e3o da Sa\u00fade pela Prefeitura, est\u00e3o tamb\u00e9m programadas a\u00e7\u00f5es de conscientiza\u00e7\u00e3o, com as equipes do Centro de Testagem e Aconselhamento (CTA).<\/p>\n<p>O Sexta no Centro \u00e9 um programa realizado mensalmente na Pra\u00e7a do Coreto pelas Unidades de Gest\u00e3o de Cultura (UGC) e de Agroneg\u00f3cio, Abastecimento e Turismo (UGAAT).<\/p>\n<p><em>(Fonte\/Foto: Prefeitura de Jundia\u00ed)<\/em><\/p>\n","protected":false},"excerpt":{"rendered":"<p>Evento \u00e9 gratuito e aberto ao p\u00fablico<\/p>\n","protected":false},"author":13,"featured_media":47989,"comment_status":"closed","ping_status":"closed","sticky":false,"template":"","format":"standard","meta":{"footnotes":""},"categories":[2834,2833,1],"tags":[1519],"class_list":["post-47957","post","type-post","status-publish","format-standard","has-post-thumbnail","hentry","category-cidades","category-cultura","category-noticias","tag-sexta-no-centro"],"_links":{"self":[{"href":"https:\/\/tvtecjundiai.com.br\/news\/wp-json\/wp\/v2\/posts\/47957","targetHints":{"allow":["GET"]}}],"collection":[{"href":"https:\/\/tvtecjundiai.com.br\/news\/wp-json\/wp\/v2\/posts"}],"about":[{"href":"https:\/\/tvtecjundiai.com.br\/news\/wp-json\/wp\/v2\/types\/post"}],"author":[{"embeddable":true,"href":"https:\/\/tvtecjundiai.com.br\/news\/wp-json\/wp\/v2\/users\/13"}],"replies":[{"embeddable":true,"href":"https:\/\/tvtecjundiai.com.br\/news\/wp-json\/wp\/v2\/comments?post=47957"}],"version-history":[{"count":4,"href":"https:\/\/tvtecjundiai.com.br\/news\/wp-json\/wp\/v2\/posts\/47957\/revisions"}],"predecessor-version":[{"id":48000,"href":"https:\/\/tvtecjundiai.com.br\/news\/wp-json\/wp\/v2\/posts\/47957\/revisions\/48000"}],"wp:featuredmedia":[{"embeddable":true,"href":"https:\/\/tvtecjundiai.com.br\/news\/wp-json\/wp\/v2\/media\/47989"}],"wp:attachment":[{"href":"https:\/\/tvtecjundiai.com.br\/news\/wp-json\/wp\/v2\/media?parent=47957"}],"wp:term":[{"taxonomy":"category","embeddable":true,"href":"https:\/\/tvtecjundiai.com.br\/news\/wp-json\/wp\/v2\/categories?post=47957"},{"taxonomy":"post_tag","embeddable":true,"href":"https:\/\/tvtecjundiai.com.br\/news\/wp-json\/wp\/v2\/tags?post=47957"}],"curies":[{"name":"wp","href":"https:\/\/api.w.org\/{rel}","templated":true}]}}