{"id":48068,"date":"2020-03-11T12:11:46","date_gmt":"2020-03-11T15:11:46","guid":{"rendered":"https:\/\/tvtecjundiai.com.br\/news\/?p=48068"},"modified":"2020-03-11T12:12:18","modified_gmt":"2020-03-11T15:12:18","slug":"grupo-matula-de-teatro-se-apresenta-em-jundiai-no-dia-14","status":"publish","type":"post","link":"https:\/\/tvtecjundiai.com.br\/news\/2020\/03\/11\/grupo-matula-de-teatro-se-apresenta-em-jundiai-no-dia-14\/","title":{"rendered":"Grupo Matula Teatro se apresenta em Jundia\u00ed no dia 14"},"content":{"rendered":"<p>O mais novo espet\u00e1culo do Grupo Matula Teatro criado a partir de um texto da dramaturga espanhola Gracia Morales, com dire\u00e7\u00e3o de Ver\u00f4nica Fabrini, atua\u00e7\u00e3o de Alice Possani e Erika Cunha e trilha sonora original de Dudu Ferraz, se apresenta no Sesc Jundia\u00ed no dia 14 de mar\u00e7o de 2020, \u00e0s 19 horas.<\/p>\n<div id=\"attachment_48069\" style=\"width: 486px\" class=\"wp-caption alignright\"><a href=\"https:\/\/tvtecjundiai.com.br\/news\/wp-content\/uploads\/sites\/2\/2020\/03\/Como-se-Fosse-Grupo-Matula-Teatro-Cred.-paula-poltronieri.jpg\"><img loading=\"lazy\" decoding=\"async\" aria-describedby=\"caption-attachment-48069\" class=\"wp-image-48069\" src=\"https:\/\/tvtecjundiai.com.br\/news\/wp-content\/uploads\/sites\/2\/2020\/03\/Como-se-Fosse-Grupo-Matula-Teatro-Cred.-paula-poltronieri-300x200.jpg\" alt=\"\" width=\"476\" height=\"317\" srcset=\"https:\/\/tvtecjundiai.com.br\/news\/wp-content\/uploads\/sites\/2\/2020\/03\/Como-se-Fosse-Grupo-Matula-Teatro-Cred.-paula-poltronieri-300x200.jpg 300w, https:\/\/tvtecjundiai.com.br\/news\/wp-content\/uploads\/sites\/2\/2020\/03\/Como-se-Fosse-Grupo-Matula-Teatro-Cred.-paula-poltronieri-768x512.jpg 768w, https:\/\/tvtecjundiai.com.br\/news\/wp-content\/uploads\/sites\/2\/2020\/03\/Como-se-Fosse-Grupo-Matula-Teatro-Cred.-paula-poltronieri-1200x800.jpg 1200w, https:\/\/tvtecjundiai.com.br\/news\/wp-content\/uploads\/sites\/2\/2020\/03\/Como-se-Fosse-Grupo-Matula-Teatro-Cred.-paula-poltronieri.jpg 1280w\" sizes=\"auto, (max-width: 476px) 100vw, 476px\" \/><\/a><p id=\"caption-attachment-48069\" class=\"wp-caption-text\">Ingressos podem ser comprados online ou nas bilheterias da unidade<\/p><\/div>\n<p>Segundo a autora, essa dramaturgia sustenta-se sobretudo no desejo e na mem\u00f3ria, colocando em um espa\u00e7o comum duas mulheres separadas por um barreira temporal de dezoito anos. O texto aborda com delicadeza uma historia que poderia ter sa\u00eddo das p\u00e1ginas de um jornal, trazendo um dos muitos casos de feminic\u00eddio que lemos diariamente.<\/p>\n<p>No entanto, a op\u00e7\u00e3o da autora \u00e9 por tratar o tema em sua complexa cotidianidade, incluindo momentos de lirismo no improv\u00e1vel di\u00e1logo entre m\u00e3e e filha, fazendo emergir dos sil\u00eancios as palavras tantas vezes n\u00e3o ditas. A encena\u00e7\u00e3o pretende valorizar as propostas da dramaturga, transitando entre os diferentes pontos de vista que comp\u00f5e as rela\u00e7\u00f5es dessa<br \/>\nfam\u00edlia: sutilezas entre m\u00e3e e filha, os encontros e desencontros do casal, rela\u00e7\u00e3o de proximidade e afastamento entre pai e filha, a perspectiva sobre uma experi\u00eancia vivida que se transforma com o tempo.<\/p>\n<p>Outro elemento presente no texto que e refer\u00eancia para a encena\u00e7\u00e3o \u00e9 percep\u00e7\u00e3o temporal c\u00edclica, que se revela de diferentes maneiras: na repeti\u00e7\u00e3o de nomes das mulheres da fam\u00edlia; na m\u00e3e que sempre perde seu dedal de costura; nas brigas que acontecem geralmente \u00e0s sextas e os dias de amor, sempre \u00e0s ter\u00e7as; na a\u00e7\u00e3o de esperar da filha que de alguma maneira remete ao cotidiano de espera da m\u00e3e, entre outros detalhes.<\/p>\n<p><strong>SERVI\u00c7O<\/strong><br \/>\nEspet\u00e1culo Teatral \u201cComo se fosse\u201d- GRUPO MATULA TEATRO<br \/>\nSesc Jundia\u00ed: Av. Ant\u00f4nio Frederico Ozanan, 6600 &#8211; Jardim Bot\u00e2nico, Jundia\u00ed &#8211; SP, 13214-206<br \/>\nData: 14 de mar\u00e7o de 2020<br \/>\nHor\u00e1rio: 19h.<br \/>\nDura\u00e7\u00e3o: 60 minutos.<br \/>\nIngressos: R$ 9,00 (comerci\u00e1rio) \/ R$15,00 (meia-entrada) \/ R$ 30,00 (inteira)<br \/>\nCompras no site do Sesc: https:\/\/www.sescsp.org.br\/ ou nas bilheterias das unidades do Sesc.<br \/>\nClassifica\u00e7\u00e3o: 16 anos<br \/>\n[Aviso de gatilho]: Feminic\u00eddio.<\/p>\n<p><em>(Fonte\/Imagem: Assessoria de Imprensa)<\/em><\/p>\n","protected":false},"excerpt":{"rendered":"<p>Ingressos podem ser comprados online ou nas bilheterias da unidade <\/p>\n","protected":false},"author":13,"featured_media":48069,"comment_status":"closed","ping_status":"closed","sticky":false,"template":"","format":"standard","meta":{"footnotes":""},"categories":[2834,2833,1],"tags":[],"class_list":["post-48068","post","type-post","status-publish","format-standard","has-post-thumbnail","hentry","category-cidades","category-cultura","category-noticias"],"_links":{"self":[{"href":"https:\/\/tvtecjundiai.com.br\/news\/wp-json\/wp\/v2\/posts\/48068","targetHints":{"allow":["GET"]}}],"collection":[{"href":"https:\/\/tvtecjundiai.com.br\/news\/wp-json\/wp\/v2\/posts"}],"about":[{"href":"https:\/\/tvtecjundiai.com.br\/news\/wp-json\/wp\/v2\/types\/post"}],"author":[{"embeddable":true,"href":"https:\/\/tvtecjundiai.com.br\/news\/wp-json\/wp\/v2\/users\/13"}],"replies":[{"embeddable":true,"href":"https:\/\/tvtecjundiai.com.br\/news\/wp-json\/wp\/v2\/comments?post=48068"}],"version-history":[{"count":2,"href":"https:\/\/tvtecjundiai.com.br\/news\/wp-json\/wp\/v2\/posts\/48068\/revisions"}],"predecessor-version":[{"id":48071,"href":"https:\/\/tvtecjundiai.com.br\/news\/wp-json\/wp\/v2\/posts\/48068\/revisions\/48071"}],"wp:featuredmedia":[{"embeddable":true,"href":"https:\/\/tvtecjundiai.com.br\/news\/wp-json\/wp\/v2\/media\/48069"}],"wp:attachment":[{"href":"https:\/\/tvtecjundiai.com.br\/news\/wp-json\/wp\/v2\/media?parent=48068"}],"wp:term":[{"taxonomy":"category","embeddable":true,"href":"https:\/\/tvtecjundiai.com.br\/news\/wp-json\/wp\/v2\/categories?post=48068"},{"taxonomy":"post_tag","embeddable":true,"href":"https:\/\/tvtecjundiai.com.br\/news\/wp-json\/wp\/v2\/tags?post=48068"}],"curies":[{"name":"wp","href":"https:\/\/api.w.org\/{rel}","templated":true}]}}