{"id":48150,"date":"2020-03-12T14:24:14","date_gmt":"2020-03-12T17:24:14","guid":{"rendered":"https:\/\/tvtecjundiai.com.br\/news\/?p=48150"},"modified":"2020-03-12T17:15:47","modified_gmt":"2020-03-12T20:15:47","slug":"impactos-do-novo-coronavirus-na-economia-global-e-tema-do-podcast-tvtec","status":"publish","type":"post","link":"https:\/\/tvtecjundiai.com.br\/news\/2020\/03\/12\/impactos-do-novo-coronavirus-na-economia-global-e-tema-do-podcast-tvtec\/","title":{"rendered":"Impactos do Coronav\u00edrus na economia global \u00e9 tema do Podcast TVTEC"},"content":{"rendered":"<p>O diretor geral da Organiza\u00e7\u00e3o Mundial de Sa\u00fade (OMS), Tedros Adhanom, declarou nesta quarta-feira (11), que a institui\u00e7\u00e3o elevou o estado da contamina\u00e7\u00e3o pelo Novo Coronav\u00edrus como pandemia. A mudan\u00e7a de classifica\u00e7\u00e3o n\u00e3o se deve \u00e0 gravidade da doen\u00e7a e sim \u00e0 dissemina\u00e7\u00e3o geogr\u00e1fica r\u00e1pida que o Covid-19 tem apresentado.<\/p>\n<p>Luiz Henrique Mandetta, ministro da Sa\u00fade, disse que a declara\u00e7\u00e3o de pandemia n\u00e3o muda as medidas no pa\u00eds. O Brasil segue com o monitoramento das \u00e1reas atingidas e com as iniciativas e protocolos j\u00e1 anunciados.<\/p>\n<p>A expans\u00e3o mundial do v\u00edrus est\u00e1 impactando a economia global e no 7\u00ba epis\u00f3dio do Podcast TVTEC, Denise de Oliveira conversa com os especialistas Cristiano Monteiro e Thais Tartalia sobre os impactos na economia e na pol\u00edtica internacional.<\/p>\n<p>Cristiano Monteiro \u00e9 P\u00f3s doutor em Economia (Unicamp). Doutor em Rela\u00e7\u00f5es Internacionais (PUC-SP), Mestre em Economia, Especialista em Ci\u00eancias de Dados e BIG Data e Diretor de P\u00f3s-Gradua\u00e7\u00e3o, Extens\u00e3o e Pesquisa. Thais Tartalha \u00e9 pesquisadora associada\u00a0do l-UM da FCA-Unicamp onde desenvolve pesquisas sobre a rela\u00e7\u00e3o entre popula\u00e7\u00e3o e ambiente na Amaz\u00f4nia. P\u00f3s-doutora em Antropologia Social no IPPRI-Unesp. Doutora em Demografia e mestre em Antropologia Social e bacharel em Ci\u00eancias Sociais pelo IFCH-Unicamp.<\/p>\n<p><strong>Ou\u00e7a o podcast.<\/strong><\/p>\n<p><iframe id=\"playerPodcloud\" style=\"visible: hidden; min-width: 100%; height: 80px;\" src=\"https:\/\/www.podcloud.com.br\/website\/external\/player?id=ee7308fd-e6b4-4688-b874-a2a24917cbc5&amp;type=simple\" frameborder=\"0\" scrolling=\"no\"><\/iframe><script>function setIframeHeightCO(e,t){var i=document.getElementById(e);i.style.visibility=\"hidden\",i.style.height=t+4+\"px\",i.style.visibility=\"visible\"}function handleDocHeightMsg(e){var t=JSON.parse(e.data);t.docHeight?setIframeHeightCO(\"playerPodcloud\",t.docHeight):t.href&&setIframe(\"playerPodcloud\",t.href),setTimeout(function(){handleDocHeightMsg(e)},1e4)}window.addEventListener?window.addEventListener(\"message\",handleDocHeightMsg,!1):window.attachEvent&&window.attachEvent(\"onmessage\",handleDocHeightMsg);<\/script><\/p>\n<h3 style=\"text-align: center;\"><\/h3>\n","protected":false},"excerpt":{"rendered":"<p>Cristiano Monteiro e Thais Tartalia s\u00e3o os convidados deste epis\u00f3dio<\/p>\n","protected":false},"author":13,"featured_media":48159,"comment_status":"closed","ping_status":"closed","sticky":false,"template":"","format":"standard","meta":{"footnotes":""},"categories":[2834,29,3084,1,2839],"tags":[6342,6369],"class_list":["post-48150","post","type-post","status-publish","format-standard","has-post-thumbnail","hentry","category-cidades","category-destaque","category-mundo","category-noticias","category-saude","tag-novo-coronavirus","tag-podcast-tvtec"],"_links":{"self":[{"href":"https:\/\/tvtecjundiai.com.br\/news\/wp-json\/wp\/v2\/posts\/48150","targetHints":{"allow":["GET"]}}],"collection":[{"href":"https:\/\/tvtecjundiai.com.br\/news\/wp-json\/wp\/v2\/posts"}],"about":[{"href":"https:\/\/tvtecjundiai.com.br\/news\/wp-json\/wp\/v2\/types\/post"}],"author":[{"embeddable":true,"href":"https:\/\/tvtecjundiai.com.br\/news\/wp-json\/wp\/v2\/users\/13"}],"replies":[{"embeddable":true,"href":"https:\/\/tvtecjundiai.com.br\/news\/wp-json\/wp\/v2\/comments?post=48150"}],"version-history":[{"count":3,"href":"https:\/\/tvtecjundiai.com.br\/news\/wp-json\/wp\/v2\/posts\/48150\/revisions"}],"predecessor-version":[{"id":48183,"href":"https:\/\/tvtecjundiai.com.br\/news\/wp-json\/wp\/v2\/posts\/48150\/revisions\/48183"}],"wp:featuredmedia":[{"embeddable":true,"href":"https:\/\/tvtecjundiai.com.br\/news\/wp-json\/wp\/v2\/media\/48159"}],"wp:attachment":[{"href":"https:\/\/tvtecjundiai.com.br\/news\/wp-json\/wp\/v2\/media?parent=48150"}],"wp:term":[{"taxonomy":"category","embeddable":true,"href":"https:\/\/tvtecjundiai.com.br\/news\/wp-json\/wp\/v2\/categories?post=48150"},{"taxonomy":"post_tag","embeddable":true,"href":"https:\/\/tvtecjundiai.com.br\/news\/wp-json\/wp\/v2\/tags?post=48150"}],"curies":[{"name":"wp","href":"https:\/\/api.w.org\/{rel}","templated":true}]}}