{"id":48205,"date":"2020-03-13T09:57:38","date_gmt":"2020-03-13T12:57:38","guid":{"rendered":"https:\/\/tvtecjundiai.com.br\/news\/?p=48205"},"modified":"2020-03-13T09:57:38","modified_gmt":"2020-03-13T12:57:38","slug":"espetaculo-circense-realiza-apresentacao-e-oficina-gratuita-em-jundiai","status":"publish","type":"post","link":"https:\/\/tvtecjundiai.com.br\/news\/2020\/03\/13\/espetaculo-circense-realiza-apresentacao-e-oficina-gratuita-em-jundiai\/","title":{"rendered":"Espet\u00e1culo circense realiza apresenta\u00e7\u00e3o e oficina gratuita em Jundia\u00ed"},"content":{"rendered":"<p><span lang=\"PT\">O espet\u00e1culo circense Altissonante, primeiro solo da artista e co-fundadora do Circo Zanni Lu Menin,<\/span> far\u00e1 apresenta\u00e7\u00e3o gratuita em Jundia\u00ed, no s\u00e1bado, dia 21 de mar\u00e7o. Altissonante foi selecionado pelo Edital Proac para Circula\u00e7\u00e3o de Espet\u00e1culos Circenses e passar\u00e1 por 7 cidades realizando tamb\u00e9m uma oficina de circo com \u00eanfase nas artes do corpo.<\/p>\n<div id=\"attachment_48207\" style=\"width: 472px\" class=\"wp-caption alignright\"><a href=\"https:\/\/tvtecjundiai.com.br\/news\/wp-content\/uploads\/sites\/2\/2020\/03\/Altissonante-11-L.jpg\"><img loading=\"lazy\" decoding=\"async\" aria-describedby=\"caption-attachment-48207\" class=\"wp-image-48207\" src=\"https:\/\/tvtecjundiai.com.br\/news\/wp-content\/uploads\/sites\/2\/2020\/03\/Altissonante-11-L-300x433.jpg\" alt=\"\" width=\"462\" height=\"667\" srcset=\"https:\/\/tvtecjundiai.com.br\/news\/wp-content\/uploads\/sites\/2\/2020\/03\/Altissonante-11-L-300x433.jpg 300w, https:\/\/tvtecjundiai.com.br\/news\/wp-content\/uploads\/sites\/2\/2020\/03\/Altissonante-11-L-768x1109.jpg 768w, https:\/\/tvtecjundiai.com.br\/news\/wp-content\/uploads\/sites\/2\/2020\/03\/Altissonante-11-L-665x960.jpg 665w, https:\/\/tvtecjundiai.com.br\/news\/wp-content\/uploads\/sites\/2\/2020\/03\/Altissonante-11-L.jpg 1280w\" sizes=\"auto, (max-width: 462px) 100vw, 462px\" \/><\/a><p id=\"caption-attachment-48207\" class=\"wp-caption-text\">Apresenta\u00e7\u00e3o e oficina acontecem no dia 21 de mar\u00e7o, na Sala Jundia\u00ed, no Complexo Fepasa<\/p><\/div>\n<p><span lang=\"PT\">A encena\u00e7\u00e3o do espet\u00e1culo solo da artista circense Lu Menin\u00a0<i>exp\u00f5e suas virtuoses acrob\u00e1ticas e traz no roteiro importantes temas sobre o feminino. Ela<\/i>\u00a0constr\u00f3i a pr\u00f3pria trajet\u00f3ria em um aparelho que chamamos de\u00a0<i>Aereot\u00f3rio<\/i>\u00a0&#8211;\u00a0\u00a0uma estrutura autoportante em forma de orat\u00f3rio.<i><\/i><\/span><\/p>\n<p><span lang=\"PT\">O espet\u00e1culo se apropria das artes do circo atrav\u00e9s das t\u00e9cnicas de parada de m\u00e3os e acrobacias a\u00e9reas, mas tamb\u00e9m constr\u00f3i sua dramaturgia com canto, dan\u00e7a e teatro f\u00edsico. Todos esses elementos s\u00e3o abra\u00e7ados pela est\u00e9tica barroca que nos remete aos orat\u00f3rios e \u00e0s obras sacras do s\u00e9culo XVIII, repletas de rococ\u00f3s, cores e informa\u00e7\u00f5es visuais.<\/span><\/p>\n<p><b>Oficina &#8211; O Corpo Acrob\u00e1tico:\u00a0<\/b>a oficina ser\u00e1 coordenada por Lu Menin, com o principal objetivo de apresentar aos participantes os caminhos f\u00edsicos que a levaram ao resultado do espet\u00e1culo.<b>\u00a0<\/b>O conte\u00fado \u00e9 a base do estudo aprofundado sobre as pr\u00e1ticas circenses em rela\u00e7\u00e3o ao corpo presente do artista.\u00a0\u00a0Durante 3 horas\/aula, os participantes ter\u00e3o contato com:<b><\/b><\/p>\n<p>&#8211; Base de acrobacia de solo, explorac\u0327a\u0303o de diferentes apoios, inverso\u0303es (apoios sobre as ma\u0303os), elementos ba\u0301sicos, seque\u0302ncias acroba\u0301ticas.<\/p>\n<p>&#8211; Despertar da atenc\u0327a\u0303o e prontida\u0303o fi\u0301sica de coordenac\u0327a\u0303o motora fina.<\/p>\n<p>Apoios e suspens\u00f5es, assim como capoeira e dan\u00e7a, abrindo caminho para o corpo vers\u00e1til e sua pluralidade de express\u00e3o.<\/p>\n<p><strong>Servi\u00e7o apresenta\u00e7\u00e3o:<\/strong><br \/>\nLocal: Complexo FEPASA, Sala Jundia\u00ed\u00a0(Av. Uni\u00e3o dos Ferrovi\u00e1rios 1760 \u2013 Centro), 200 lugares. Acesso a deficiente.<br \/>\nData: 21\/03 &#8211; s\u00e1bado<br \/>\nHor\u00e1rio: 20h<br \/>\nGratuito<\/p>\n<p><strong>Servi\u00e7o oficina:<br \/>\n<\/strong>Local: Complexo FEPASA, Sala Jundia\u00ed (Av. Uni\u00e3o dos Ferrovi\u00e1rios 1760 \u2013 Centro), 200 lugares. Acesso a deficiente.<br \/>\nData: 21\/03 &#8211;\u00a0 s\u00e1bado<br \/>\nHor\u00e1rio: 9h \u00e0s 12h<br \/>\nGratuito<br \/>\nLimite m\u00e1ximo de alunos: 20<br \/>\nFaixa et\u00e1ria: a partir de 15 anos<br \/>\nSele\u00e7\u00e3o: pr\u00e9 sele\u00e7\u00e3o feita por Lu Menin. Inscri\u00e7\u00f5es: enviar curr\u00edculo breve e carta de inten\u00e7\u00e3o para o email: <a href=\"mailto:ciabanarbo@gmail.com\" target=\"_blank\" rel=\"noopener noreferrer\">ciabanarbo@gmail.com<\/a>, at\u00e9 o dia 18 de mar\u00e7o.<\/p>\n<p><em>(Fonte\/Foto: Assessoria de Imprensa)<\/em><\/p>\n","protected":false},"excerpt":{"rendered":"<p>Apresenta\u00e7\u00e3o e oficina acontecem no dia 21 de mar\u00e7o, na Sala Jundia\u00ed, no Complexo Fepasa <\/p>\n","protected":false},"author":13,"featured_media":48209,"comment_status":"closed","ping_status":"closed","sticky":false,"template":"","format":"standard","meta":{"footnotes":""},"categories":[2834,2833,1],"tags":[],"class_list":["post-48205","post","type-post","status-publish","format-standard","has-post-thumbnail","hentry","category-cidades","category-cultura","category-noticias"],"_links":{"self":[{"href":"https:\/\/tvtecjundiai.com.br\/news\/wp-json\/wp\/v2\/posts\/48205","targetHints":{"allow":["GET"]}}],"collection":[{"href":"https:\/\/tvtecjundiai.com.br\/news\/wp-json\/wp\/v2\/posts"}],"about":[{"href":"https:\/\/tvtecjundiai.com.br\/news\/wp-json\/wp\/v2\/types\/post"}],"author":[{"embeddable":true,"href":"https:\/\/tvtecjundiai.com.br\/news\/wp-json\/wp\/v2\/users\/13"}],"replies":[{"embeddable":true,"href":"https:\/\/tvtecjundiai.com.br\/news\/wp-json\/wp\/v2\/comments?post=48205"}],"version-history":[{"count":1,"href":"https:\/\/tvtecjundiai.com.br\/news\/wp-json\/wp\/v2\/posts\/48205\/revisions"}],"predecessor-version":[{"id":48211,"href":"https:\/\/tvtecjundiai.com.br\/news\/wp-json\/wp\/v2\/posts\/48205\/revisions\/48211"}],"wp:featuredmedia":[{"embeddable":true,"href":"https:\/\/tvtecjundiai.com.br\/news\/wp-json\/wp\/v2\/media\/48209"}],"wp:attachment":[{"href":"https:\/\/tvtecjundiai.com.br\/news\/wp-json\/wp\/v2\/media?parent=48205"}],"wp:term":[{"taxonomy":"category","embeddable":true,"href":"https:\/\/tvtecjundiai.com.br\/news\/wp-json\/wp\/v2\/categories?post=48205"},{"taxonomy":"post_tag","embeddable":true,"href":"https:\/\/tvtecjundiai.com.br\/news\/wp-json\/wp\/v2\/tags?post=48205"}],"curies":[{"name":"wp","href":"https:\/\/api.w.org\/{rel}","templated":true}]}}