{"id":48272,"date":"2020-03-13T16:00:33","date_gmt":"2020-03-13T19:00:33","guid":{"rendered":"https:\/\/tvtecjundiai.com.br\/news\/?p=48272"},"modified":"2020-03-13T16:00:33","modified_gmt":"2020-03-13T19:00:33","slug":"cultura-abre-selecao-para-exposicoes-na-pinacoteca","status":"publish","type":"post","link":"https:\/\/tvtecjundiai.com.br\/news\/2020\/03\/13\/cultura-abre-selecao-para-exposicoes-na-pinacoteca\/","title":{"rendered":"Cultura abre sele\u00e7\u00e3o para exposi\u00e7\u00f5es na Pinacoteca"},"content":{"rendered":"<p>A Prefeitura, por meio da Funda\u00e7\u00e3o Casa da Cultura e Esportes, realiza a terceira edi\u00e7\u00e3o do ExpoArtes, concurso de projetos de exposi\u00e7\u00e3o de artes visuais no Centro Jundiaiense de Cultura, do qual faz parte a Pinacoteca Municipal Di\u00f3genes Duarte Paes. Ser\u00e3o selecionados dez projetos de tem\u00e1tica livre, in\u00e9ditos no munic\u00edpio, para exposi\u00e7\u00e3o individual, coletiva ou curadorias, entre junho e dezembro.<\/p>\n<div id=\"attachment_48273\" style=\"width: 540px\" class=\"wp-caption alignright\"><a href=\"https:\/\/tvtecjundiai.com.br\/news\/wp-content\/uploads\/sites\/2\/2020\/03\/picacoteca_cultura-26-1280x730.jpg\"><img loading=\"lazy\" decoding=\"async\" aria-describedby=\"caption-attachment-48273\" class=\"wp-image-48273\" src=\"https:\/\/tvtecjundiai.com.br\/news\/wp-content\/uploads\/sites\/2\/2020\/03\/picacoteca_cultura-26-1280x730-300x171.jpg\" alt=\"\" width=\"530\" height=\"302\" srcset=\"https:\/\/tvtecjundiai.com.br\/news\/wp-content\/uploads\/sites\/2\/2020\/03\/picacoteca_cultura-26-1280x730-300x171.jpg 300w, https:\/\/tvtecjundiai.com.br\/news\/wp-content\/uploads\/sites\/2\/2020\/03\/picacoteca_cultura-26-1280x730-768x438.jpg 768w, https:\/\/tvtecjundiai.com.br\/news\/wp-content\/uploads\/sites\/2\/2020\/03\/picacoteca_cultura-26-1280x730-1200x684.jpg 1200w, https:\/\/tvtecjundiai.com.br\/news\/wp-content\/uploads\/sites\/2\/2020\/03\/picacoteca_cultura-26-1280x730.jpg 1280w\" sizes=\"auto, (max-width: 530px) 100vw, 530px\" \/><\/a><p id=\"caption-attachment-48273\" class=\"wp-caption-text\">Propostas de exposi\u00e7\u00f5es individual, coletiva ou curadorias devem ser in\u00e9ditas no Munic\u00edpio<\/p><\/div>\n<p>Os artistas interessados devem se inscrever gratuitamente entre 16 de mar\u00e7o e 30 de abril, pessoalmente na Pinacoteca ou pelos Correios, respeitando os prazos. No ato da inscri\u00e7\u00e3o, os interessados devem apresentar dois envelopes fechados, um contendo documentos e outro com o projeto de exposi\u00e7\u00e3o. Cada proponente pode inscrever apenas um projeto.<\/p>\n<p>A sele\u00e7\u00e3o, por comiss\u00e3o especial, ter\u00e1 duas etapas. Na primeira, ser\u00e3o analisados os documentos; na sequ\u00eancia, passa-se para a an\u00e1lise dos projetos somente daqueles que cumprirem os requisitos da primeira etapa. A an\u00e1lise levar\u00e1 em conta, entre seus crit\u00e9rios, a relev\u00e2ncia do projeto na programa\u00e7\u00e3o cultural do munic\u00edpio e no desenvolvimento da linguagem art\u00edstica, viabilidade e criatividade.<\/p>\n<p>Ser\u00e3o selecionados os dez projetos com as maiores pontua\u00e7\u00f5es, que dever\u00e3o expor aos pares, e as datas de exposi\u00e7\u00e3o ser\u00e3o definidas ap\u00f3s a divulga\u00e7\u00e3o dos resultados. Cada projeto contemplado receber\u00e1 como premia\u00e7\u00e3o o valor de R$ 1 mil e ter\u00e1 37 dias de per\u00edodo expositivo, incluindo os dias de montagem, desmontagem e manuten\u00e7\u00e3o. Os selecionados dever\u00e3o tamb\u00e9m realizar, como contrapartida social, atividades como palestras, debates ou oficinas em benef\u00edcio social.<\/p>\n<p>Mais detalhes podem ser conferidos no\u00a0edital de concurso n\u00ba 04\/2020, publicados entre as p\u00e1ginas 41 e 43 da edi\u00e7\u00e3o 4694 da Imprensa Oficial, no\u00a0site da Cultura\u00a0ou pelo telefone da Funda\u00e7\u00e3o: (11) 4806-0554.<\/p>\n<p>A Pinacoteca fica na rua Bar\u00e3o de Jundia\u00ed, 109, Centro, e fica aberta de ter\u00e7a a sexta-feira, das 10h \u00e0s 17h, e aos s\u00e1bados, domingos e feriados, das 9h \u00e0s 16h.<\/p>\n<p><em>(Fonte\/Foto: Prefeitura de Jundia\u00ed)<\/em><\/p>\n","protected":false},"excerpt":{"rendered":"<p>Os interessados devem se inscrever gratuitamente entre 16 de mar\u00e7o e 30 de abril<\/p>\n","protected":false},"author":13,"featured_media":48273,"comment_status":"closed","ping_status":"closed","sticky":false,"template":"","format":"standard","meta":{"footnotes":""},"categories":[2834,2833,1],"tags":[],"class_list":["post-48272","post","type-post","status-publish","format-standard","has-post-thumbnail","hentry","category-cidades","category-cultura","category-noticias"],"_links":{"self":[{"href":"https:\/\/tvtecjundiai.com.br\/news\/wp-json\/wp\/v2\/posts\/48272","targetHints":{"allow":["GET"]}}],"collection":[{"href":"https:\/\/tvtecjundiai.com.br\/news\/wp-json\/wp\/v2\/posts"}],"about":[{"href":"https:\/\/tvtecjundiai.com.br\/news\/wp-json\/wp\/v2\/types\/post"}],"author":[{"embeddable":true,"href":"https:\/\/tvtecjundiai.com.br\/news\/wp-json\/wp\/v2\/users\/13"}],"replies":[{"embeddable":true,"href":"https:\/\/tvtecjundiai.com.br\/news\/wp-json\/wp\/v2\/comments?post=48272"}],"version-history":[{"count":1,"href":"https:\/\/tvtecjundiai.com.br\/news\/wp-json\/wp\/v2\/posts\/48272\/revisions"}],"predecessor-version":[{"id":48275,"href":"https:\/\/tvtecjundiai.com.br\/news\/wp-json\/wp\/v2\/posts\/48272\/revisions\/48275"}],"wp:featuredmedia":[{"embeddable":true,"href":"https:\/\/tvtecjundiai.com.br\/news\/wp-json\/wp\/v2\/media\/48273"}],"wp:attachment":[{"href":"https:\/\/tvtecjundiai.com.br\/news\/wp-json\/wp\/v2\/media?parent=48272"}],"wp:term":[{"taxonomy":"category","embeddable":true,"href":"https:\/\/tvtecjundiai.com.br\/news\/wp-json\/wp\/v2\/categories?post=48272"},{"taxonomy":"post_tag","embeddable":true,"href":"https:\/\/tvtecjundiai.com.br\/news\/wp-json\/wp\/v2\/tags?post=48272"}],"curies":[{"name":"wp","href":"https:\/\/api.w.org\/{rel}","templated":true}]}}