{"id":48354,"date":"2020-03-16T10:13:08","date_gmt":"2020-03-16T13:13:08","guid":{"rendered":"https:\/\/tvtecjundiai.com.br\/news\/?p=48354"},"modified":"2020-03-16T10:13:08","modified_gmt":"2020-03-16T13:13:08","slug":"atividade-do-clube-de-leitura-desta-segunda-16-e-cancelada","status":"publish","type":"post","link":"https:\/\/tvtecjundiai.com.br\/news\/2020\/03\/16\/atividade-do-clube-de-leitura-desta-segunda-16-e-cancelada\/","title":{"rendered":"Atividade do Clube de Leitura desta segunda (16) \u00e9 cancelada"},"content":{"rendered":"<div id=\"attachment_48355\" style=\"width: 556px\" class=\"wp-caption alignright\"><a href=\"https:\/\/tvtecjundiai.com.br\/news\/wp-content\/uploads\/sites\/2\/2020\/03\/T_gabinete.jpg\"><img loading=\"lazy\" decoding=\"async\" aria-describedby=\"caption-attachment-48355\" class=\"wp-image-48355\" src=\"https:\/\/tvtecjundiai.com.br\/news\/wp-content\/uploads\/sites\/2\/2020\/03\/T_gabinete-300x204.jpg\" alt=\"\" width=\"546\" height=\"371\" srcset=\"https:\/\/tvtecjundiai.com.br\/news\/wp-content\/uploads\/sites\/2\/2020\/03\/T_gabinete-300x204.jpg 300w, https:\/\/tvtecjundiai.com.br\/news\/wp-content\/uploads\/sites\/2\/2020\/03\/T_gabinete-768x522.jpg 768w, https:\/\/tvtecjundiai.com.br\/news\/wp-content\/uploads\/sites\/2\/2020\/03\/T_gabinete.jpg 800w\" sizes=\"auto, (max-width: 546px) 100vw, 546px\" \/><\/a><p id=\"caption-attachment-48355\" class=\"wp-caption-text\">As demais datas ser\u00e3o mantidas e em breve um novo dia ser\u00e1 agendado para discutir o 1\u00ba livro.<\/p><\/div>\n<p>Devido aos \u00faltimos dados divulgados sobre a COVID-19 no Estado de S\u00e3o Paulo e pensando na sa\u00fade de todos, o atividade do Clube de Leitura, marcada para esta segunda-feira (16), est\u00e1 cancelada. As demais datas ser\u00e3o mantidas e em breve um novo dia ser\u00e1 agendado para discutir o 1\u00ba livro.<\/p>\n<p>O projeto tamb\u00e9m tem como eixo atividades culturais voltadas \u00e0 Literatura. O &#8220;Clube de Leitura&#8221;, coordenado pelo advogado e livreiro Juliano Garcia e que ter\u00e1 como base encontros em roda, com leitura e debate de livros do escritor tcheco Franz Kafka.<\/p>\n<p>\u201cOs textos de Kafka s\u00e3o atemporais. E, aproveitando esses temas que nos s\u00e3o t\u00e3o atuais, vamos construindo um di\u00e1logo com o p\u00fablico e trazendo um olhar mais aprofundado sobre quest\u00f5es como ang\u00fastia, ansiedade, autoafirma\u00e7\u00e3o e direitos humanos\u201d. Os encontros contam ainda com a participa\u00e7\u00e3o da psicanalista Adriana Panzan.<\/p>\n<p>Juliano destaca que as oficinas s\u00e3o uma forma de valorizar a hist\u00f3ria da cidade, ocupando um espa\u00e7o hist\u00f3rico criado para a Literatura. \u201cO Gabinete est\u00e1 na mem\u00f3ria afetiva de muitas pessoas. \u00c9 preciso reavivar esse sentimento e encontrar um novo significado para esse monumento no cora\u00e7\u00e3o de Jundia\u00ed\u201d.<\/p>\n<p><strong>Agenda<\/strong><\/p>\n<p><strong>\u2018\u2019Clube de Leitura\u2019\u2019<\/strong><\/p>\n<ul>\n<li><strong><em>16 de mar\u00e7o &#8211; CANCELADO<\/em><\/strong><\/li>\n<li><em>20 de abril (Livro \u201cUm artista da fome\u201d)<\/em><\/li>\n<li><em>18 de maio (Livro \u201cNa col\u00f4nia penal\u201d)<\/em><\/li>\n<\/ul>\n<p><strong>As inscri\u00e7\u00f5es s\u00e3o gratuitas e devem ser feitas pelo link<\/strong>\u00a0<a href=\"https:\/\/gabineteruybarbosa.com.br\/Ingresso\/\" data-saferedirecturl=\"https:\/\/www.google.com\/url?q=https:\/\/gabineteruybarbosa.com.br\/Ingresso\/&amp;source=gmail&amp;ust=1583003224692000&amp;usg=AFQjCNEhZqrsqQD37U7TqGMckW0z_BQxZQ\">https:\/\/gabineteruybarbosa.com.br\/Ingresso\/<\/a><\/p>\n<p>S\u00e3o 25 vagas por encontro, abertas ao p\u00fablico maior de 16 anos.<\/p>\n<p>O projeto \u2018\u2019Mem\u00f3rias Liter\u00e1rias\u2019\u2019 tem realiza\u00e7\u00e3o do Governo do Estado de S\u00e3o Paulo, por meio da Secretaria de Cultura e Economia Criativa.<\/p>\n<p><em>(Fonte\/Foto: Divulga\u00e7\u00e3o)<\/em><\/p>\n","protected":false},"excerpt":{"rendered":"<p>As demais datas ser\u00e3o mantidas e em breve um novo dia ser\u00e1 agendado para discutir o 1\u00ba livro \u00a0<\/p>\n","protected":false},"author":13,"featured_media":48355,"comment_status":"closed","ping_status":"closed","sticky":false,"template":"","format":"standard","meta":{"footnotes":""},"categories":[2834,2833,1],"tags":[],"class_list":["post-48354","post","type-post","status-publish","format-standard","has-post-thumbnail","hentry","category-cidades","category-cultura","category-noticias"],"_links":{"self":[{"href":"https:\/\/tvtecjundiai.com.br\/news\/wp-json\/wp\/v2\/posts\/48354","targetHints":{"allow":["GET"]}}],"collection":[{"href":"https:\/\/tvtecjundiai.com.br\/news\/wp-json\/wp\/v2\/posts"}],"about":[{"href":"https:\/\/tvtecjundiai.com.br\/news\/wp-json\/wp\/v2\/types\/post"}],"author":[{"embeddable":true,"href":"https:\/\/tvtecjundiai.com.br\/news\/wp-json\/wp\/v2\/users\/13"}],"replies":[{"embeddable":true,"href":"https:\/\/tvtecjundiai.com.br\/news\/wp-json\/wp\/v2\/comments?post=48354"}],"version-history":[{"count":1,"href":"https:\/\/tvtecjundiai.com.br\/news\/wp-json\/wp\/v2\/posts\/48354\/revisions"}],"predecessor-version":[{"id":48356,"href":"https:\/\/tvtecjundiai.com.br\/news\/wp-json\/wp\/v2\/posts\/48354\/revisions\/48356"}],"wp:featuredmedia":[{"embeddable":true,"href":"https:\/\/tvtecjundiai.com.br\/news\/wp-json\/wp\/v2\/media\/48355"}],"wp:attachment":[{"href":"https:\/\/tvtecjundiai.com.br\/news\/wp-json\/wp\/v2\/media?parent=48354"}],"wp:term":[{"taxonomy":"category","embeddable":true,"href":"https:\/\/tvtecjundiai.com.br\/news\/wp-json\/wp\/v2\/categories?post=48354"},{"taxonomy":"post_tag","embeddable":true,"href":"https:\/\/tvtecjundiai.com.br\/news\/wp-json\/wp\/v2\/tags?post=48354"}],"curies":[{"name":"wp","href":"https:\/\/api.w.org\/{rel}","templated":true}]}}