{"id":48449,"date":"2020-03-17T09:30:24","date_gmt":"2020-03-17T12:30:24","guid":{"rendered":"https:\/\/tvtecjundiai.com.br\/news\/?p=48449"},"modified":"2020-03-17T09:31:22","modified_gmt":"2020-03-17T12:31:22","slug":"dae-jundiai-e-parque-da-cidade-adiam-trilha-das-aguas-e-adiado","status":"publish","type":"post","link":"https:\/\/tvtecjundiai.com.br\/news\/2020\/03\/17\/dae-jundiai-e-parque-da-cidade-adiam-trilha-das-aguas-e-adiado\/","title":{"rendered":"DAE Jundia\u00ed e Parque da Cidade adiam &#8220;Trilha das \u00c1guas&#8221;"},"content":{"rendered":"<div id=\"attachment_48450\" style=\"width: 558px\" class=\"wp-caption alignright\"><a href=\"https:\/\/tvtecjundiai.com.br\/news\/wp-content\/uploads\/sites\/2\/2020\/03\/parque-da-cidade-1280x853-1.jpg\"><img loading=\"lazy\" decoding=\"async\" aria-describedby=\"caption-attachment-48450\" class=\"wp-image-48450\" src=\"https:\/\/tvtecjundiai.com.br\/news\/wp-content\/uploads\/sites\/2\/2020\/03\/parque-da-cidade-1280x853-1-300x200.jpg\" alt=\"\" width=\"548\" height=\"365\" srcset=\"https:\/\/tvtecjundiai.com.br\/news\/wp-content\/uploads\/sites\/2\/2020\/03\/parque-da-cidade-1280x853-1-300x200.jpg 300w, https:\/\/tvtecjundiai.com.br\/news\/wp-content\/uploads\/sites\/2\/2020\/03\/parque-da-cidade-1280x853-1-768x512.jpg 768w, https:\/\/tvtecjundiai.com.br\/news\/wp-content\/uploads\/sites\/2\/2020\/03\/parque-da-cidade-1280x853-1-1200x800.jpg 1200w, https:\/\/tvtecjundiai.com.br\/news\/wp-content\/uploads\/sites\/2\/2020\/03\/parque-da-cidade-1280x853-1.jpg 1280w\" sizes=\"auto, (max-width: 548px) 100vw, 548px\" \/><\/a><p id=\"caption-attachment-48450\" class=\"wp-caption-text\">Nova data ainda ser\u00e1 definida<\/p><\/div>\n<p>DAE Jundia\u00ed e o Parque da Cidade informam que o evento \u201cTrilhas das \u00c1guas\u201d, que seria realizado por meio de uma parceria com o Sesi Jundia\u00ed, neste domingo (22 de mar\u00e7o), foi adiado. A nova data ainda ser\u00e1 definida.<\/p>\n<p>A medida cumpre o que prev\u00ea o artigo 7\u00ba, do Decreto Municipal n\u00ba 28.909, de 13 de mar\u00e7o de 2020, que determina que \u201ceventos do cotidiano, em especial aqueles com grande concentra\u00e7\u00e3o de p\u00fablico, sob a orienta\u00e7\u00e3o t\u00e9cnica do Comit\u00ea Municipal de Preven\u00e7\u00e3o e Enfrentamento ao Coronav\u00edrus, poder\u00e3o ser adiados ou cancelados\u201d.<\/p>\n<p>A DAE esclarece que as inscri\u00e7\u00f5es j\u00e1 realizadas, e que cumpriam os requisitos, est\u00e3o registradas e ser\u00e3o v\u00e1lidas para a nova data, de acordo com a disponibilidade das equipes.<\/p>\n<p><em>(Fonte\/Foto: Prefeitura de Jundia\u00ed)<\/em><\/p>\n","protected":false},"excerpt":{"rendered":"<p>Nova data ainda ser\u00e1 definida <\/p>\n","protected":false},"author":13,"featured_media":48450,"comment_status":"closed","ping_status":"closed","sticky":false,"template":"","format":"standard","meta":{"footnotes":""},"categories":[2834,2833,1],"tags":[6342],"class_list":["post-48449","post","type-post","status-publish","format-standard","has-post-thumbnail","hentry","category-cidades","category-cultura","category-noticias","tag-novo-coronavirus"],"_links":{"self":[{"href":"https:\/\/tvtecjundiai.com.br\/news\/wp-json\/wp\/v2\/posts\/48449","targetHints":{"allow":["GET"]}}],"collection":[{"href":"https:\/\/tvtecjundiai.com.br\/news\/wp-json\/wp\/v2\/posts"}],"about":[{"href":"https:\/\/tvtecjundiai.com.br\/news\/wp-json\/wp\/v2\/types\/post"}],"author":[{"embeddable":true,"href":"https:\/\/tvtecjundiai.com.br\/news\/wp-json\/wp\/v2\/users\/13"}],"replies":[{"embeddable":true,"href":"https:\/\/tvtecjundiai.com.br\/news\/wp-json\/wp\/v2\/comments?post=48449"}],"version-history":[{"count":2,"href":"https:\/\/tvtecjundiai.com.br\/news\/wp-json\/wp\/v2\/posts\/48449\/revisions"}],"predecessor-version":[{"id":48452,"href":"https:\/\/tvtecjundiai.com.br\/news\/wp-json\/wp\/v2\/posts\/48449\/revisions\/48452"}],"wp:featuredmedia":[{"embeddable":true,"href":"https:\/\/tvtecjundiai.com.br\/news\/wp-json\/wp\/v2\/media\/48450"}],"wp:attachment":[{"href":"https:\/\/tvtecjundiai.com.br\/news\/wp-json\/wp\/v2\/media?parent=48449"}],"wp:term":[{"taxonomy":"category","embeddable":true,"href":"https:\/\/tvtecjundiai.com.br\/news\/wp-json\/wp\/v2\/categories?post=48449"},{"taxonomy":"post_tag","embeddable":true,"href":"https:\/\/tvtecjundiai.com.br\/news\/wp-json\/wp\/v2\/tags?post=48449"}],"curies":[{"name":"wp","href":"https:\/\/api.w.org\/{rel}","templated":true}]}}