{"id":48561,"date":"2020-03-18T09:09:29","date_gmt":"2020-03-18T12:09:29","guid":{"rendered":"https:\/\/tvtecjundiai.com.br\/news\/?p=48561"},"modified":"2020-03-18T09:09:29","modified_gmt":"2020-03-18T12:09:29","slug":"veja-agenda-e-o-funcionamento-dos-espacos-culturais-em-jundiai","status":"publish","type":"post","link":"https:\/\/tvtecjundiai.com.br\/news\/2020\/03\/18\/veja-agenda-e-o-funcionamento-dos-espacos-culturais-em-jundiai\/","title":{"rendered":"Veja agenda e o funcionamento dos espa\u00e7os culturais em Jundia\u00ed"},"content":{"rendered":"<p>A Unidade de Gest\u00e3o de Cultura (UGC) estabeleceu, como segue abaixo, as seguintes orienta\u00e7\u00f5es para os funcionamentos dos equipamentos p\u00fablicos ligados \u00e0 Unidade e das atividades que comp\u00f5em a agenda cultural do Munic\u00edpio.<\/p>\n<div id=\"attachment_48562\" style=\"width: 499px\" class=\"wp-caption alignright\"><a href=\"https:\/\/tvtecjundiai.com.br\/news\/wp-content\/uploads\/sites\/2\/2020\/03\/complexo_fepasa_especial_fachada.jpg\"><img loading=\"lazy\" decoding=\"async\" aria-describedby=\"caption-attachment-48562\" class=\" wp-image-48562\" src=\"https:\/\/tvtecjundiai.com.br\/news\/wp-content\/uploads\/sites\/2\/2020\/03\/complexo_fepasa_especial_fachada-300x200.jpg\" alt=\"\" width=\"489\" height=\"326\" srcset=\"https:\/\/tvtecjundiai.com.br\/news\/wp-content\/uploads\/sites\/2\/2020\/03\/complexo_fepasa_especial_fachada-300x200.jpg 300w, https:\/\/tvtecjundiai.com.br\/news\/wp-content\/uploads\/sites\/2\/2020\/03\/complexo_fepasa_especial_fachada-768x512.jpg 768w, https:\/\/tvtecjundiai.com.br\/news\/wp-content\/uploads\/sites\/2\/2020\/03\/complexo_fepasa_especial_fachada-1200x800.jpg 1200w, https:\/\/tvtecjundiai.com.br\/news\/wp-content\/uploads\/sites\/2\/2020\/03\/complexo_fepasa_especial_fachada.jpg 1280w\" sizes=\"auto, (max-width: 489px) 100vw, 489px\" \/><\/a><p id=\"caption-attachment-48562\" class=\"wp-caption-text\">Apesar de o Complexo Fepasa permanecer aberto, est\u00e3o suspensas as atividades culturais, como ensaios e agendas<\/p><\/div>\n<p>As medidas visam preservar a sa\u00fade da popula\u00e7\u00e3o e seguem a orienta\u00e7\u00e3o do estabelecido pelo\u00a0<a href=\"https:\/\/imprensaoficial.jundiai.sp.gov.br\/wp-content\/uploads\/2020\/03\/3e917686-36eb-49bc-968c-7b4899e7baf0_Edi%C3%A7%C3%A3o-4696.pdf\" target=\"_blank\" rel=\"noopener noreferrer\">decreto n\u00ba 28.910, de 16 de mar\u00e7o de 2020, publicado na p\u00e1gina 03 da edi\u00e7\u00e3o extra 4696 da Imprensa Oficial<\/a>, sob avalia\u00e7\u00e3o do Comit\u00ea Municipal de Preven\u00e7\u00e3o e Enfrentamento ao Coronav\u00edrus.<\/p>\n<p>Ficam suspensos, por tempo indeterminado:<\/p>\n<ul>\n<li>os funcionamentos do CEU das Artes do Vista Alegre, a Pinacoteca Di\u00f3genes Duarte Paes, a Galeria de Arte Fernanda Perracini Milani, o Museu da Cia. Paulista, o Museu Hist\u00f3rico e Cultural de Jundia\u00ed \u2013 Solar do Bar\u00e3o e o Teatro Polytheama;<\/li>\n<li>as atividades culturais no Complexo Fepasa: os ensaios dos corpos art\u00edsticos (Coral Municipal, Cia. Jovem de Dan\u00e7a e Cia. de Teatro), as aulas do programa de Oficinas Culturais, as agendas de ensaios e reuni\u00f5es de terceiros, os ensaios da escola de samba Arco-\u00cdris e demais atividades;<\/li>\n<li>os eventos da agenda cultural municipal: Domingo no Parque do dia 22 de mar\u00e7o, no Parque da Uva; o Dia do Teatro e do Circo do dia 27 de mar\u00e7o, no Complexo Fepasa; o Cultura nos Parques do dia 29 de mar\u00e7o, no Parque da Cidade; e outros eventos;<\/li>\n<li>as aulas do programa de Oficinas Culturais descentralizadas nos bairros, em centros comunit\u00e1rios e no CEU das Artes do Vista Alegre.<\/li>\n<\/ul>\n<p>J\u00e1 as inscri\u00e7\u00f5es para projetos de exposi\u00e7\u00f5es na Galeria de Arte Fernanda Perracini Milani e na Pinacoteca Di\u00f3genes Duarte Paes seguem com normalidade at\u00e9, respectivamente, os dias 24 de mar\u00e7o e 30 de abril. Como estava previsto em edital inscri\u00e7\u00e3o presencial, a modalidade segue mantida, no hor\u00e1rio de atendimento de cada equipamento.<\/p>\n<p>Mais informa\u00e7\u00f5es podem ser obtidas no site\u00a0<a href=\"https:\/\/jundiai.sp.gov.br\/coronavirus\/\">jundiai.sp.gov.br\/coronavirus<\/a>.<\/p>\n<p><em>(Fonte\/Foto: Prefeitura de Jundia\u00ed)<\/em><\/p>\n","protected":false},"excerpt":{"rendered":"<p>As medidas visam preservar a sa\u00fade da popula\u00e7\u00e3o<\/p>\n","protected":false},"author":13,"featured_media":48562,"comment_status":"closed","ping_status":"closed","sticky":false,"template":"","format":"standard","meta":{"footnotes":""},"categories":[2834,2833,1],"tags":[6342],"class_list":["post-48561","post","type-post","status-publish","format-standard","has-post-thumbnail","hentry","category-cidades","category-cultura","category-noticias","tag-novo-coronavirus"],"_links":{"self":[{"href":"https:\/\/tvtecjundiai.com.br\/news\/wp-json\/wp\/v2\/posts\/48561","targetHints":{"allow":["GET"]}}],"collection":[{"href":"https:\/\/tvtecjundiai.com.br\/news\/wp-json\/wp\/v2\/posts"}],"about":[{"href":"https:\/\/tvtecjundiai.com.br\/news\/wp-json\/wp\/v2\/types\/post"}],"author":[{"embeddable":true,"href":"https:\/\/tvtecjundiai.com.br\/news\/wp-json\/wp\/v2\/users\/13"}],"replies":[{"embeddable":true,"href":"https:\/\/tvtecjundiai.com.br\/news\/wp-json\/wp\/v2\/comments?post=48561"}],"version-history":[{"count":1,"href":"https:\/\/tvtecjundiai.com.br\/news\/wp-json\/wp\/v2\/posts\/48561\/revisions"}],"predecessor-version":[{"id":48563,"href":"https:\/\/tvtecjundiai.com.br\/news\/wp-json\/wp\/v2\/posts\/48561\/revisions\/48563"}],"wp:featuredmedia":[{"embeddable":true,"href":"https:\/\/tvtecjundiai.com.br\/news\/wp-json\/wp\/v2\/media\/48562"}],"wp:attachment":[{"href":"https:\/\/tvtecjundiai.com.br\/news\/wp-json\/wp\/v2\/media?parent=48561"}],"wp:term":[{"taxonomy":"category","embeddable":true,"href":"https:\/\/tvtecjundiai.com.br\/news\/wp-json\/wp\/v2\/categories?post=48561"},{"taxonomy":"post_tag","embeddable":true,"href":"https:\/\/tvtecjundiai.com.br\/news\/wp-json\/wp\/v2\/tags?post=48561"}],"curies":[{"name":"wp","href":"https:\/\/api.w.org\/{rel}","templated":true}]}}