{"id":48779,"date":"2020-03-19T17:39:30","date_gmt":"2020-03-19T20:39:30","guid":{"rendered":"https:\/\/tvtecjundiai.com.br\/news\/?p=48779"},"modified":"2020-03-19T18:33:51","modified_gmt":"2020-03-19T21:33:51","slug":"farmacias-de-manipulacao-podem-vender-alcool-gel-ao-publico","status":"publish","type":"post","link":"https:\/\/tvtecjundiai.com.br\/news\/2020\/03\/19\/farmacias-de-manipulacao-podem-vender-alcool-gel-ao-publico\/","title":{"rendered":"Farm\u00e1cias de manipula\u00e7\u00e3o podem vender \u00e1lcool gel ao p\u00fablico"},"content":{"rendered":"<p>A Ag\u00eancia Nacional de Vigil\u00e2ncia Sanit\u00e1ria autorizou as farm\u00e1cias de manipula\u00e7\u00e3o a prepararem e venderem \u00e1lcool gel de forma direta para o p\u00fablico. A decis\u00e3o faz parte das medidas para conter a dissemina\u00e7\u00e3o do coronav\u00edrus no pa\u00eds e visa ampliar o acesso da popula\u00e7\u00e3o a esses produtos. A autoriza\u00e7\u00e3o tem prazo de 180 dias e pode ser prorrogada.<\/p>\n<div id=\"attachment_48783\" style=\"width: 510px\" class=\"wp-caption alignleft\"><a href=\"https:\/\/tvtecjundiai.com.br\/news\/wp-content\/uploads\/sites\/2\/2020\/03\/alcool_em_gel_280220_numero_de_serie_de_4_digitos_1.jpg\"><img loading=\"lazy\" decoding=\"async\" aria-describedby=\"caption-attachment-48783\" class=\"wp-image-48783\" src=\"https:\/\/tvtecjundiai.com.br\/news\/wp-content\/uploads\/sites\/2\/2020\/03\/alcool_em_gel_280220_numero_de_serie_de_4_digitos_1.jpg\" alt=\"\" width=\"500\" height=\"299\" srcset=\"https:\/\/tvtecjundiai.com.br\/news\/wp-content\/uploads\/sites\/2\/2020\/03\/alcool_em_gel_280220_numero_de_serie_de_4_digitos_1.jpg 1170w, https:\/\/tvtecjundiai.com.br\/news\/wp-content\/uploads\/sites\/2\/2020\/03\/alcool_em_gel_280220_numero_de_serie_de_4_digitos_1-300x179.jpg 300w, https:\/\/tvtecjundiai.com.br\/news\/wp-content\/uploads\/sites\/2\/2020\/03\/alcool_em_gel_280220_numero_de_serie_de_4_digitos_1-768x459.jpg 768w\" sizes=\"auto, (max-width: 500px) 100vw, 500px\" \/><\/a><p id=\"caption-attachment-48783\" class=\"wp-caption-text\">A autoriza\u00e7\u00e3o tem prazo de 180 dias e pode ser prorrogada<\/p><\/div>\n<p>Todas as farm\u00e1cias magistrais, como tamb\u00e9m s\u00e3o conhecidas as farm\u00e1cias de manipula\u00e7\u00e3o, poder\u00e3o preparar \u00e1lcool et\u00edlico 70% (p\/p), \u00e1lcool et\u00edlico glicerinado 80%, \u00e1lcool gel, \u00e1lcool isoprop\u00edlico glicerinado 75%, \u00e1gua oxigenada 10 volumes e digliconato de clorexidina 0,5%.<\/p>\n<p>De acordo com a Anvisa, todas essas f\u00f3rmulas s\u00e3o prepara\u00e7\u00f5es antiss\u00e9pticas ou sanitizantes que podem ser utilizadas no combate ao coronav\u00edrus. At\u00e9 ent\u00e3o, somente ind\u00fastrias de cosm\u00e9ticos podiam fabricar esses produtos, com necessidade de autoriza\u00e7\u00e3o da ag\u00eancia reguladora.<\/p>\n<p>Em publica\u00e7\u00e3o hoje (19) no Twitter, o presidente Jair Bolsonaro destacou essa e outras medidas que est\u00e3o sendo adotadas no \u00e2mbito do governo federal para enfrentamento a Covid-19, doen\u00e7a provocada pelo novo coronav\u00edrus.<\/p>\n<p>A Anvisa tamb\u00e9m trabalha com outros \u00f3rg\u00e3os de governo para um entendimento sobre a doa\u00e7\u00e3o de \u00e1lcool ao sistema p\u00fablico. Ontem (18), a Uni\u00e3o da Ind\u00fastria de Cana-de-A\u00e7\u00facar (Unica) informou que suas associadas v\u00e3o doar \u00e1lcool para fabrica\u00e7\u00e3o de desinfetantes de m\u00e3os (\u00e1lcool gel) e solu\u00e7\u00e3o de \u00e1lcool 70.<\/p>\n<p><strong>Impostos<\/strong><\/p>\n<p>Nessa semana, a C\u00e2mara de Com\u00e9rcio Exterior (Camex) do Minist\u00e9rio da Economia tamb\u00e9m zerou, at\u00e9 30 de setembro, a al\u00edquota do Imposto de Importa\u00e7\u00e3o para 50 produtos m\u00e9dicos e hospitalares necess\u00e1rios ao enfrentamento da pandemia de Covid-19.<\/p>\n<p>A lista, elaborada em coordena\u00e7\u00e3o com o Minist\u00e9rio da Sa\u00fade, abrange produtos que tiveram importa\u00e7\u00f5es totais de aproximadamente US$ 1,3 bilh\u00e3o em 2019. De acordo com o Minsit\u00e9rio da Economia, alguns produtos, como luvas m\u00e9dico-hospitalares, eram tributados a al\u00edquotas que chegavam a 35%.<\/p>\n<p>Al\u00e9m de luvas, a medida zera as tarifas de importa\u00e7\u00e3o para \u00e1lcool em gel, m\u00e1scaras, term\u00f4metros cl\u00ednicos, roupas de prote\u00e7\u00e3o contra agentes infectantes, \u00f3culos de seguran\u00e7a e equipamentos respiradores, dentre outros.<\/p>\n<p>A resolu\u00e7\u00e3o publicada ontem no Di\u00e1rio Oficial da Uni\u00e3o tamb\u00e9m determina que os \u00f3rg\u00e3os e entidades da Administra\u00e7\u00e3o P\u00fablica Federal que exer\u00e7am atividades de licenciamento, controle ou fiscaliza\u00e7\u00e3o de importa\u00e7\u00f5es desses itens adotem tratamento priorit\u00e1rio para a libera\u00e7\u00e3o das mercadorias.<\/p>\n<p>O Minist\u00e9rio da Economia tamb\u00e9m cortou temporariamente o Imposto sobre Produtos Industrializados para bens produzidos internamente ou importados, que sejam necess\u00e1rios ao combate de Covid-19.<\/p>\n<p><em>(Fonte\/ Imagem: Ag\u00eancia Brasil)<\/em><\/p>\n","protected":false},"excerpt":{"rendered":"<p>A autoriza\u00e7\u00e3o tem prazo de 180 dias e pode ser prorrogada<\/p>\n","protected":false},"author":18,"featured_media":48783,"comment_status":"closed","ping_status":"closed","sticky":false,"template":"","format":"standard","meta":{"footnotes":""},"categories":[3060,1],"tags":[6374,6242],"class_list":["post-48779","post","type-post","status-publish","format-standard","has-post-thumbnail","hentry","category-geral","category-noticias","tag-alcool-gel","tag-coronavirus"],"_links":{"self":[{"href":"https:\/\/tvtecjundiai.com.br\/news\/wp-json\/wp\/v2\/posts\/48779","targetHints":{"allow":["GET"]}}],"collection":[{"href":"https:\/\/tvtecjundiai.com.br\/news\/wp-json\/wp\/v2\/posts"}],"about":[{"href":"https:\/\/tvtecjundiai.com.br\/news\/wp-json\/wp\/v2\/types\/post"}],"author":[{"embeddable":true,"href":"https:\/\/tvtecjundiai.com.br\/news\/wp-json\/wp\/v2\/users\/18"}],"replies":[{"embeddable":true,"href":"https:\/\/tvtecjundiai.com.br\/news\/wp-json\/wp\/v2\/comments?post=48779"}],"version-history":[{"count":3,"href":"https:\/\/tvtecjundiai.com.br\/news\/wp-json\/wp\/v2\/posts\/48779\/revisions"}],"predecessor-version":[{"id":48795,"href":"https:\/\/tvtecjundiai.com.br\/news\/wp-json\/wp\/v2\/posts\/48779\/revisions\/48795"}],"wp:featuredmedia":[{"embeddable":true,"href":"https:\/\/tvtecjundiai.com.br\/news\/wp-json\/wp\/v2\/media\/48783"}],"wp:attachment":[{"href":"https:\/\/tvtecjundiai.com.br\/news\/wp-json\/wp\/v2\/media?parent=48779"}],"wp:term":[{"taxonomy":"category","embeddable":true,"href":"https:\/\/tvtecjundiai.com.br\/news\/wp-json\/wp\/v2\/categories?post=48779"},{"taxonomy":"post_tag","embeddable":true,"href":"https:\/\/tvtecjundiai.com.br\/news\/wp-json\/wp\/v2\/tags?post=48779"}],"curies":[{"name":"wp","href":"https:\/\/api.w.org\/{rel}","templated":true}]}}