{"id":48909,"date":"2020-03-20T17:07:26","date_gmt":"2020-03-20T20:07:26","guid":{"rendered":"https:\/\/tvtecjundiai.com.br\/news\/?p=48909"},"modified":"2020-03-20T17:10:11","modified_gmt":"2020-03-20T20:10:11","slug":"sp-confirma-4-novas-mortes-por-coronavirus-total-no-brasil-vai-a-11","status":"publish","type":"post","link":"https:\/\/tvtecjundiai.com.br\/news\/2020\/03\/20\/sp-confirma-4-novas-mortes-por-coronavirus-total-no-brasil-vai-a-11\/","title":{"rendered":"SP confirma 4 novas mortes por coronav\u00edrus; total no Brasil vai a 11"},"content":{"rendered":"<div class=\"mc-column content-text active-extra-styles \" data-block-type=\"unstyled\" data-block-weight=\"38\" data-block-id=\"2\">\n<p class=\"content-text__container \" data-track-category=\"Link no Texto\" data-track-links=\"\">A Secretaria Estadual de Sa\u00fade confirmou nesta sexta-feira (20) que h\u00e1 nove mortes causadas pelo\u00a0novo coronav\u00edrus\u00a0no estado de\u00a0S\u00e3o Paulo. Com o novo balan\u00e7o, o total de\u00a0mortes pela doen\u00e7a no pa\u00eds vai a 11.<\/p>\n<div id=\"attachment_48915\" style=\"width: 434px\" class=\"wp-caption alignright\"><a href=\"https:\/\/tvtecjundiai.com.br\/news\/wp-content\/uploads\/sites\/2\/2020\/03\/Capturar-5.jpg\"><img loading=\"lazy\" decoding=\"async\" aria-describedby=\"caption-attachment-48915\" class=\"wp-image-48915\" src=\"https:\/\/tvtecjundiai.com.br\/news\/wp-content\/uploads\/sites\/2\/2020\/03\/Capturar-5-300x201.jpg\" alt=\"\" width=\"424\" height=\"284\" srcset=\"https:\/\/tvtecjundiai.com.br\/news\/wp-content\/uploads\/sites\/2\/2020\/03\/Capturar-5-300x201.jpg 300w, https:\/\/tvtecjundiai.com.br\/news\/wp-content\/uploads\/sites\/2\/2020\/03\/Capturar-5-768x515.jpg 768w, https:\/\/tvtecjundiai.com.br\/news\/wp-content\/uploads\/sites\/2\/2020\/03\/Capturar-5.jpg 897w\" sizes=\"auto, (max-width: 424px) 100vw, 424px\" \/><\/a><p id=\"caption-attachment-48915\" class=\"wp-caption-text\">Com o novo balan\u00e7o, o total de\u00a0mortes pela doen\u00e7a no pa\u00eds vai a 11.<\/p><\/div>\n<\/div>\n<div class=\"wall protected-content\">\n<div class=\"mc-column content-text active-extra-styles \" data-block-type=\"unstyled\" data-block-weight=\"51\" data-block-id=\"3\">\n<p class=\"content-text__container \" data-track-category=\"Link no Texto\" data-track-links=\"\">Segundo a secretaria, foram registradas quatro novas mortes nesta sexta. Todos os pacientes confirmados tinham problemas de sa\u00fade anteriores e foram atendidos em hospitais privados. S\u00e3o tr\u00eas homens (70, 80 e 93 anos) e uma mulher (83 anos). No \u00faltimo balan\u00e7o, divulgado na quinta (19), a\u00a0secretaria havia confirmado cinco mortes.<\/p>\n<\/div>\n<div class=\"mc-column content-text active-extra-styles \" data-block-type=\"unstyled\" data-block-weight=\"26\" data-block-id=\"4\">\n<p class=\"content-text__container \" data-track-category=\"Link no Texto\" data-track-links=\"\">At\u00e9 o momento,\u00a0S\u00e3o Paulo tem 9.023 casos suspeitos e 345 casos confirmados\u00a0da doen\u00e7a, incluindo 4 de outros estados e 4 de outros pa\u00edses.<\/p>\n<div class=\"mc-column content-text active-extra-styles\" data-block-type=\"raw\" data-block-weight=\"4\" data-block-id=\"6\">\n<div class=\"content-intertitle\">\n<p><strong>Mortes na Prevent Senior<\/strong><\/p>\n<\/div>\n<\/div>\n<div class=\"mc-column content-text active-extra-styles \" data-block-type=\"unstyled\" data-block-weight=\"44\" data-block-id=\"7\">\n<p class=\"content-text__container \" data-track-category=\"Link no Texto\" data-track-links=\"\">A operadora de sa\u00fade onde\u00a0ocorreram as cinco primeiras mortes\u00a0informou que em sua rede h\u00e1 33 pacientes na UTI. Desses,12 tiveram exames confirmados para a doen\u00e7a Covid-19. Os outros 21 aguardavam o resultado do exame at\u00e9 a \u00faltima atualiza\u00e7\u00e3o desta reportagem.<\/p>\n<\/div>\n<div class=\"mc-column content-text active-extra-styles \" data-block-type=\"unstyled\" data-block-weight=\"26\" data-block-id=\"8\">\n<p class=\"content-text__container \" data-track-category=\"Link no Texto\" data-track-links=\"\">Em nota, a Prevent Senior diz ainda que h\u00e1 90 pacientes &#8220;em acomoda\u00e7\u00e3o apartamento, sendo 16 positivos para Covid-19 e 74 aguardando resultado do exame&#8221;.<\/p>\n<\/div>\n<div class=\"mc-column content-text active-extra-styles \" data-block-type=\"unstyled\" data-block-weight=\"38\" data-block-id=\"10\">\n<p class=\"content-text__container \" data-track-category=\"Link no Texto\" data-track-links=\"\">As secretarias estaduais de Sa\u00fade divulgaram, at\u00e9 16h40 desta sexta-feira (20),\u00a0750 casos confirmados de novo coronav\u00edrus (Sars-Cov-2) no Brasil\u00a0em 23 estados e no Distrito Federal. A maioria dos casos confirmados se concentram justamente em S\u00e3o Paulo.<\/p>\n<\/div>\n<div class=\"mc-column content-text active-extra-styles\" data-block-type=\"raw\" data-block-weight=\"3\" data-block-id=\"11\">\n<div class=\"content-intertitle\">\n<p><strong>Doa\u00e7\u00f5es de sangue<\/strong><\/p>\n<\/div>\n<\/div>\n<div class=\"mc-column content-text active-extra-styles \" data-block-type=\"unstyled\" data-block-weight=\"61\" data-block-id=\"12\">\n<p class=\"content-text__container \" data-track-category=\"Link no Texto\" data-track-links=\"\">Ao informar sobre a primeira morte de paciente como coronav\u00edrus, o governo do estado de S\u00e3o Paulo fez\u00a0um alerta e um pedido \u00e0 popula\u00e7\u00e3o da cidade de S\u00e3o Paulo para que fa\u00e7am doa\u00e7\u00f5es de sangue\u00a0pois, segundo o coordenador de Centro de Contingenciamento para o Coronav\u00edrus em S\u00e3o Paulo, o m\u00e9dico David Uip, os bancos da capital est\u00e3o &#8220;praticamente vazios&#8221;.<\/p>\n<\/div>\n<div class=\"mc-column content-text active-extra-styles \" data-block-type=\"unstyled\" data-block-weight=\"38\" data-block-id=\"13\">\n<p class=\"content-text__container \" data-track-category=\"Link no Texto\" data-track-links=\"\">&#8220;Eu preciso dar um informe, que preciso de muito apoio de voc\u00eas: os nossos bancos de sangue est\u00e3o praticamente sem sangue. O banco de sangue que tem mais sangue, tem sangue hoje para praticamente uma uma semana&#8221;, declarou.<\/p>\n<\/div>\n<div class=\"mc-column content-text active-extra-styles \" data-block-type=\"unstyled\" data-block-weight=\"48\" data-block-id=\"14\">\n<p class=\"content-text__container \" data-track-category=\"Link no Texto\" data-track-links=\"\">O governo de S\u00e3o Paulo avalia que o surto de coronav\u00edrus deve durar &#8220;de quatro a cinco meses&#8221;. No entanto, as medidas restritivas adotadas pela administra\u00e7\u00e3o estadual, como a suspens\u00e3o das aulas e a restri\u00e7\u00e3o de eventos (<em>leia mais abaixo<\/em>), n\u00e3o devem ser aplicadas durante todo este per\u00edodo.<\/p>\n<\/div>\n<div class=\"mc-column content-text active-extra-styles \" data-block-type=\"unstyled\" data-block-weight=\"32\" data-block-id=\"23\">\n<p data-track-category=\"Link no Texto\" data-track-links=\"\"><em>(Fonte: G1\/Foto: Veja)<\/em><\/p>\n<\/div>\n<\/div>\n<\/div>\n","protected":false},"excerpt":{"rendered":"<p>Estado tem 345 casos confirmados e outros 9 mil suspeitos em investiga\u00e7\u00e3o<\/p>\n","protected":false},"author":13,"featured_media":48915,"comment_status":"closed","ping_status":"closed","sticky":false,"template":"","format":"standard","meta":{"footnotes":""},"categories":[2834,1],"tags":[6375],"class_list":["post-48909","post","type-post","status-publish","format-standard","has-post-thumbnail","hentry","category-cidades","category-noticias","tag-novo-cornavirus"],"_links":{"self":[{"href":"https:\/\/tvtecjundiai.com.br\/news\/wp-json\/wp\/v2\/posts\/48909","targetHints":{"allow":["GET"]}}],"collection":[{"href":"https:\/\/tvtecjundiai.com.br\/news\/wp-json\/wp\/v2\/posts"}],"about":[{"href":"https:\/\/tvtecjundiai.com.br\/news\/wp-json\/wp\/v2\/types\/post"}],"author":[{"embeddable":true,"href":"https:\/\/tvtecjundiai.com.br\/news\/wp-json\/wp\/v2\/users\/13"}],"replies":[{"embeddable":true,"href":"https:\/\/tvtecjundiai.com.br\/news\/wp-json\/wp\/v2\/comments?post=48909"}],"version-history":[{"count":3,"href":"https:\/\/tvtecjundiai.com.br\/news\/wp-json\/wp\/v2\/posts\/48909\/revisions"}],"predecessor-version":[{"id":48922,"href":"https:\/\/tvtecjundiai.com.br\/news\/wp-json\/wp\/v2\/posts\/48909\/revisions\/48922"}],"wp:featuredmedia":[{"embeddable":true,"href":"https:\/\/tvtecjundiai.com.br\/news\/wp-json\/wp\/v2\/media\/48915"}],"wp:attachment":[{"href":"https:\/\/tvtecjundiai.com.br\/news\/wp-json\/wp\/v2\/media?parent=48909"}],"wp:term":[{"taxonomy":"category","embeddable":true,"href":"https:\/\/tvtecjundiai.com.br\/news\/wp-json\/wp\/v2\/categories?post=48909"},{"taxonomy":"post_tag","embeddable":true,"href":"https:\/\/tvtecjundiai.com.br\/news\/wp-json\/wp\/v2\/tags?post=48909"}],"curies":[{"name":"wp","href":"https:\/\/api.w.org\/{rel}","templated":true}]}}