{"id":48953,"date":"2020-03-21T18:15:40","date_gmt":"2020-03-21T21:15:40","guid":{"rendered":"https:\/\/tvtecjundiai.com.br\/news\/?p=48953"},"modified":"2020-03-21T18:15:40","modified_gmt":"2020-03-21T21:15:40","slug":"novo-recurso-do-instagram-divulga-quem-esta-em-casa","status":"publish","type":"post","link":"https:\/\/tvtecjundiai.com.br\/news\/2020\/03\/21\/novo-recurso-do-instagram-divulga-quem-esta-em-casa\/","title":{"rendered":"Novo recurso do Instagram divulga quem esta &#8220;Em Casa&#8221;"},"content":{"rendered":"<div id=\"attachment_48954\" style=\"width: 310px\" class=\"wp-caption alignright\"><img loading=\"lazy\" decoding=\"async\" aria-describedby=\"caption-attachment-48954\" class=\"size-medium wp-image-48954\" src=\"https:\/\/tvtecjundiai.com.br\/news\/wp-content\/uploads\/sites\/2\/2020\/03\/em-casa-instagram-edit-300x142.jpg\" alt=\"\" width=\"300\" height=\"142\" srcset=\"https:\/\/tvtecjundiai.com.br\/news\/wp-content\/uploads\/sites\/2\/2020\/03\/em-casa-instagram-edit-300x142.jpg 300w, https:\/\/tvtecjundiai.com.br\/news\/wp-content\/uploads\/sites\/2\/2020\/03\/em-casa-instagram-edit.jpg 464w\" sizes=\"auto, (max-width: 300px) 100vw, 300px\" \/><p id=\"caption-attachment-48954\" class=\"wp-caption-text\">\u00cdcone agrupa e divulga &#8220;Stories&#8221; de usu\u00e1rios que est\u00e3o em casa.<\/p><\/div>\n<p>Desde s\u00e1bado (21), a rede social Instagram passou a oferecer entre seus recursos a figurinha &#8220;Em Casa&#8221;, para incentivar as pessoas a permanecerem em suas casas e mostrar o que tem feito neste per\u00edodo de reclus\u00e3o social em prol da n\u00e3o propaga\u00e7\u00e3o do coronav\u00edrus.<\/p>\n<p>Quando o usu\u00e1rio coloca este adesivo em uma foto e posta na rede social, na fun\u00e7\u00e3o &#8220;Stories&#8221;, o aplicativo passa a exibir em lugar de destaque todos os stories agrupados, publicados pelo perfil pr\u00f3prio e o de quem segue. Veja como fazer:<\/p>\n<p>1. Abra o Instagram e tire uma foto na fun\u00e7\u00e3o &#8220;Stories&#8221;<\/p>\n<p>2. Clique no \u00edcone de adesivos (uma carinha quadrada no canto superior direito)<\/p>\n<p>3. Escolha o sticker (figurinha) &#8220;Em Casa&#8221;<\/p>\n<p>4. Cole na sua foto e publique.<\/p>\n<p>5. Volte para a p\u00e1gina inicial do seu Instagram e recarregue.<\/p>\n<p>O usu\u00e1rio pode acompanhar e divulgar suas atividades caseiras, seguindo as recomenda\u00e7\u00f5es dos \u00f3rg\u00e3os de sa\u00fade e mantendo uma rotina saud\u00e1vel.<\/p>\n<p><em>(Fonte: UOL)<\/em><\/p>\n","protected":false},"excerpt":{"rendered":"<p>Figurinha tem como fun\u00e7\u00e3o incentivar a n\u00e3o propaga\u00e7\u00e3o do Covid-19<\/p>\n","protected":false},"author":17,"featured_media":48954,"comment_status":"closed","ping_status":"closed","sticky":false,"template":"","format":"standard","meta":{"footnotes":""},"categories":[1,2839,2835],"tags":[6242,238,3067,6],"class_list":["post-48953","post","type-post","status-publish","format-standard","has-post-thumbnail","hentry","category-noticias","category-saude","category-tecnologia","tag-coronavirus","tag-instagram","tag-rede-social","tag-saude"],"_links":{"self":[{"href":"https:\/\/tvtecjundiai.com.br\/news\/wp-json\/wp\/v2\/posts\/48953","targetHints":{"allow":["GET"]}}],"collection":[{"href":"https:\/\/tvtecjundiai.com.br\/news\/wp-json\/wp\/v2\/posts"}],"about":[{"href":"https:\/\/tvtecjundiai.com.br\/news\/wp-json\/wp\/v2\/types\/post"}],"author":[{"embeddable":true,"href":"https:\/\/tvtecjundiai.com.br\/news\/wp-json\/wp\/v2\/users\/17"}],"replies":[{"embeddable":true,"href":"https:\/\/tvtecjundiai.com.br\/news\/wp-json\/wp\/v2\/comments?post=48953"}],"version-history":[{"count":1,"href":"https:\/\/tvtecjundiai.com.br\/news\/wp-json\/wp\/v2\/posts\/48953\/revisions"}],"predecessor-version":[{"id":48955,"href":"https:\/\/tvtecjundiai.com.br\/news\/wp-json\/wp\/v2\/posts\/48953\/revisions\/48955"}],"wp:featuredmedia":[{"embeddable":true,"href":"https:\/\/tvtecjundiai.com.br\/news\/wp-json\/wp\/v2\/media\/48954"}],"wp:attachment":[{"href":"https:\/\/tvtecjundiai.com.br\/news\/wp-json\/wp\/v2\/media?parent=48953"}],"wp:term":[{"taxonomy":"category","embeddable":true,"href":"https:\/\/tvtecjundiai.com.br\/news\/wp-json\/wp\/v2\/categories?post=48953"},{"taxonomy":"post_tag","embeddable":true,"href":"https:\/\/tvtecjundiai.com.br\/news\/wp-json\/wp\/v2\/tags?post=48953"}],"curies":[{"name":"wp","href":"https:\/\/api.w.org\/{rel}","templated":true}]}}