{"id":48960,"date":"2020-03-22T10:30:45","date_gmt":"2020-03-22T13:30:45","guid":{"rendered":"https:\/\/tvtecjundiai.com.br\/news\/?p=48960"},"modified":"2020-03-23T12:58:25","modified_gmt":"2020-03-23T15:58:25","slug":"vacinacao-para-idosos-e-profissionais-da-saude-comeca-nesta-segunda-23","status":"publish","type":"post","link":"https:\/\/tvtecjundiai.com.br\/news\/2020\/03\/22\/vacinacao-para-idosos-e-profissionais-da-saude-comeca-nesta-segunda-23\/","title":{"rendered":"Vacina\u00e7\u00e3o para idosos e profissionais da sa\u00fade come\u00e7a nesta segunda (23)"},"content":{"rendered":"<p>Para reduzir a aglomera\u00e7\u00e3o de idosos e oferecer a dose da vacina contra tr\u00eas tipos de gripe em espa\u00e7os amplos, a Prefeitura de Jundia\u00ed, por meio da Vigil\u00e2ncia Epidemiol\u00f3gica (VE), vai promover a partir desta segunda-feira (23) a vacina\u00e7\u00e3o exclusiva para pessoas com 60 anos ou mais em 10 espa\u00e7os p\u00fablicos da cidade. A determina\u00e7\u00e3o leva em considera\u00e7\u00e3o a necessidade de f\u00e1cil acesso e o hor\u00e1rio especial para atendimento do p\u00fablico-alvo, que ser\u00e1 das 8h \u00e0s 11h.<\/p>\n<div id=\"attachment_48961\" style=\"width: 510px\" class=\"wp-caption alignright\"><a href=\"https:\/\/tvtecjundiai.com.br\/news\/wp-content\/uploads\/sites\/2\/2020\/03\/vacina_gripe_ubs_tulipas-10.jpg\"><img loading=\"lazy\" decoding=\"async\" aria-describedby=\"caption-attachment-48961\" class=\"wp-image-48961\" src=\"https:\/\/tvtecjundiai.com.br\/news\/wp-content\/uploads\/sites\/2\/2020\/03\/vacina_gripe_ubs_tulipas-10-300x200.jpg\" alt=\"\" width=\"500\" height=\"333\" srcset=\"https:\/\/tvtecjundiai.com.br\/news\/wp-content\/uploads\/sites\/2\/2020\/03\/vacina_gripe_ubs_tulipas-10-300x200.jpg 300w, https:\/\/tvtecjundiai.com.br\/news\/wp-content\/uploads\/sites\/2\/2020\/03\/vacina_gripe_ubs_tulipas-10-768x512.jpg 768w, https:\/\/tvtecjundiai.com.br\/news\/wp-content\/uploads\/sites\/2\/2020\/03\/vacina_gripe_ubs_tulipas-10-1200x800.jpg 1200w, https:\/\/tvtecjundiai.com.br\/news\/wp-content\/uploads\/sites\/2\/2020\/03\/vacina_gripe_ubs_tulipas-10.jpg 1280w\" sizes=\"auto, (max-width: 500px) 100vw, 500px\" \/><\/a><p id=\"caption-attachment-48961\" class=\"wp-caption-text\">Profissionais da sa\u00fade tamb\u00e9m ser\u00e3o imunizados<\/p><\/div>\n<p>A imuniza\u00e7\u00e3o dos idosos se estender\u00e1 por 14 dias e as vacinas s\u00e3o enviadas pelo Minist\u00e9rio da Sa\u00fade (que garante que todas as pessoas com mais de 60 anos no pa\u00eds ser\u00e3o vacinadas) aos governos estaduais. Estes, por sua vez, repassam as doses \u00e0s prefeituras. A popula\u00e7\u00e3o idosa de Jundia\u00ed, segundo dados projetados pelo servi\u00e7o municipal, \u00e9 superior a 60 mil pessoas.<\/p>\n<p><strong>Confira os 10 locais de vacina\u00e7\u00e3o para idosos:<\/strong><\/p>\n<ul>\n<li>E.E. Benedita Arruda \u2013 Rua Guapor\u00e9, 350 \u2013 Agapeama (entrada pela Rua Luiz Carpi)<\/li>\n<li>EMEB Marcos Gasparian \u2013 Rua Anchieta, 141 \u2013 Centro<\/li>\n<li>EMEB Profa. Clotilde Mazzali Bollini \u2013 Rua Rubens Pires, 55 \u2013 Jardim Pacaembu<\/li>\n<li>E.E. Di\u00f3genes Duarte Paes \u2013 Rua Fl\u00e1vio Queir\u00f3s Novaes, 280 \u2013 Retiro<\/li>\n<li>EMEB Prof\u00aa Haydee Dumagin Mojola \u2013 Rua Ramiro de Ara\u00fajo Filho 299 \u2013 Vila Hortol\u00e2ndia<\/li>\n<li>Par\u00f3quia Santo Ant\u00f4nio de P\u00e1dua \u2013 Av. Jos\u00e9 Mezzalira, 5.247 \u2013 Ivoturucaia<\/li>\n<li>EMEB Armanda Santini Polenti \u2013 Av. Vit\u00f3rio Pavan, 360 \u2013 Parque S\u00e3o Luiz<\/li>\n<li>E.E. Alessandra Cristina Rodrigues de Oliveira Pezzato \u2013 Av. Presb\u00edtero Manoel Antonio Dias Filho, 1.524 \u2013 Residencial Jundia\u00ed<\/li>\n<li>CECE Francisco Dal Santo \u2013 Rua Cica, 1.345 \u2013 Vila Rami<\/li>\n<li>EMEB Luiz Biela de Souza \u2013 Rua Alice Guimar\u00e3es Pelegrini, 850 \u2013 Jardim Santa Gertrudes<\/li>\n<\/ul>\n<p>De acordo com a enfermeira da VE, Maria do Carmo Possidente, a descentraliza\u00e7\u00e3o da vacina\u00e7\u00e3o dos idosos das Unidades B\u00e1sicas de Sa\u00fade (UBSs), Novas UBSs e Cl\u00ednica da Fam\u00edlia tem o objetivo de evitar a exposi\u00e7\u00e3o do p\u00fablico mais vulner\u00e1vel em ambiente onde possa haver pessoas sintom\u00e1ticas em busca de atendimento.<\/p>\n<p>\u201cA preserva\u00e7\u00e3o da sa\u00fade dos idosos \u00e9 o mais importante neste momento. Por isso, fixamos, num primeiro momento, o hor\u00e1rio de atendimento das 8h \u00e0s 11h, em oito escolas de Jundia\u00ed, sendo cinco EMEBs e tr\u00eas estaduais, uma igreja e um centro esportivo\u201d, destaca Maria do Carmo.<\/p>\n<p>\u201cNestes ambientes ser\u00e1 poss\u00edvel atender todas as medidas preventivas, como o distanciamento recomendado pelo Minist\u00e9rio da Sa\u00fade (MS), a ampla ventila\u00e7\u00e3o e a rapidez no atendimento\u201d, detalha o prefeito Luiz Fernando Machado, respons\u00e1vel pelo Comit\u00ea de Enfrentamento ao Coronav\u00edrus (CEC).<\/p>\n<p><strong>Pr\u00f3ximas fases<\/strong><\/p>\n<p>A partir do dia 16 de abril, ser\u00e3o os professores e profissionais das for\u00e7as de seguran\u00e7a e salvamento que ser\u00e3o vacinados contra a gripe. As crian\u00e7as entre 6 meses e menores de 6 anos, doentes cr\u00f4nicos, pessoas com 55 anos ou mais, gr\u00e1vidas, m\u00e3es no p\u00f3s-parto, popula\u00e7\u00e3o ind\u00edgena e portadores de condi\u00e7\u00f5es especiais, ter\u00e3o as vacinas liberadas a partir de 9 de maio.<\/p>\n<p>O \u201cDia D\u201d da campanha ser\u00e1 no dia 9 de maio. As vacinas estar\u00e3o dispon\u00edveis em todas as 35 unidades b\u00e1sicas espalhadas na cidade durante o hor\u00e1rio de funcionamento de cada servi\u00e7o, inclusive no terceiro turno, dispon\u00edvel nas UBSs Tamoio, Hortol\u00e2ndia, Agapeama e na Cl\u00ednica da Fam\u00edlia.<\/p>\n<p>Mais informa\u00e7\u00f5es sobre a vacina\u00e7\u00e3o e o boletim epidemiol\u00f3gico de Jundia\u00ed podem ser encontradas no <a href=\"https:\/\/jundiai.sp.gov.br\/coronavirus\/\">site da Prefeitura de Jundia\u00ed<\/a>.<\/p>\n<p><em>(Prefeitura de Jundia\u00ed)<\/em><\/p>\n","protected":false},"excerpt":{"rendered":"<p>Vacina\u00e7\u00e3o ser\u00e1 exclusiva para pessoas com 60 anos ou mais <\/p>\n","protected":false},"author":18,"featured_media":48961,"comment_status":"closed","ping_status":"closed","sticky":false,"template":"","format":"standard","meta":{"footnotes":""},"categories":[2834,29,1],"tags":[2743,6242,871,104],"class_list":["post-48960","post","type-post","status-publish","format-standard","has-post-thumbnail","hentry","category-cidades","category-destaque","category-noticias","tag-campanha-de-vacinacao","tag-coronavirus","tag-idosos","tag-vacina"],"_links":{"self":[{"href":"https:\/\/tvtecjundiai.com.br\/news\/wp-json\/wp\/v2\/posts\/48960","targetHints":{"allow":["GET"]}}],"collection":[{"href":"https:\/\/tvtecjundiai.com.br\/news\/wp-json\/wp\/v2\/posts"}],"about":[{"href":"https:\/\/tvtecjundiai.com.br\/news\/wp-json\/wp\/v2\/types\/post"}],"author":[{"embeddable":true,"href":"https:\/\/tvtecjundiai.com.br\/news\/wp-json\/wp\/v2\/users\/18"}],"replies":[{"embeddable":true,"href":"https:\/\/tvtecjundiai.com.br\/news\/wp-json\/wp\/v2\/comments?post=48960"}],"version-history":[{"count":3,"href":"https:\/\/tvtecjundiai.com.br\/news\/wp-json\/wp\/v2\/posts\/48960\/revisions"}],"predecessor-version":[{"id":49052,"href":"https:\/\/tvtecjundiai.com.br\/news\/wp-json\/wp\/v2\/posts\/48960\/revisions\/49052"}],"wp:featuredmedia":[{"embeddable":true,"href":"https:\/\/tvtecjundiai.com.br\/news\/wp-json\/wp\/v2\/media\/48961"}],"wp:attachment":[{"href":"https:\/\/tvtecjundiai.com.br\/news\/wp-json\/wp\/v2\/media?parent=48960"}],"wp:term":[{"taxonomy":"category","embeddable":true,"href":"https:\/\/tvtecjundiai.com.br\/news\/wp-json\/wp\/v2\/categories?post=48960"},{"taxonomy":"post_tag","embeddable":true,"href":"https:\/\/tvtecjundiai.com.br\/news\/wp-json\/wp\/v2\/tags?post=48960"}],"curies":[{"name":"wp","href":"https:\/\/api.w.org\/{rel}","templated":true}]}}