{"id":49324,"date":"2020-03-25T11:27:13","date_gmt":"2020-03-25T14:27:13","guid":{"rendered":"https:\/\/tvtecjundiai.com.br\/news\/?p=49324"},"modified":"2020-03-25T11:27:13","modified_gmt":"2020-03-25T14:27:13","slug":"ype-vai-produzir-e-envasar-alcool-em-gel-e-distribuir-de-graca-no-brasil","status":"publish","type":"post","link":"https:\/\/tvtecjundiai.com.br\/news\/2020\/03\/25\/ype-vai-produzir-e-envasar-alcool-em-gel-e-distribuir-de-graca-no-brasil\/","title":{"rendered":"Yp\u00ea vai produzir e envasar \u00e1lcool em gel e distribuir de gra\u00e7a no Brasil"},"content":{"rendered":"<p>A Yp\u00ea, marca brasileira de produtos de higiene e limpeza, anunciou em suas redes sociais que vai produzir e envasar \u00e1lcool em gel em frascos de detergente e distribuir gratuitamente no pa\u00eds.<\/p>\n<div id=\"attachment_49325\" style=\"width: 457px\" class=\"wp-caption alignright\"><a href=\"https:\/\/tvtecjundiai.com.br\/news\/wp-content\/uploads\/sites\/2\/2020\/03\/Capturar-7.jpg\"><img loading=\"lazy\" decoding=\"async\" aria-describedby=\"caption-attachment-49325\" class=\"wp-image-49325\" src=\"https:\/\/tvtecjundiai.com.br\/news\/wp-content\/uploads\/sites\/2\/2020\/03\/Capturar-7-300x188.jpg\" alt=\"\" width=\"447\" height=\"280\" srcset=\"https:\/\/tvtecjundiai.com.br\/news\/wp-content\/uploads\/sites\/2\/2020\/03\/Capturar-7-300x188.jpg 300w, https:\/\/tvtecjundiai.com.br\/news\/wp-content\/uploads\/sites\/2\/2020\/03\/Capturar-7-768x481.jpg 768w, https:\/\/tvtecjundiai.com.br\/news\/wp-content\/uploads\/sites\/2\/2020\/03\/Capturar-7.jpg 936w\" sizes=\"auto, (max-width: 447px) 100vw, 447px\" \/><\/a><p id=\"caption-attachment-49325\" class=\"wp-caption-text\">A marca se junta a um grupo de\u00a0empresas que est\u00e3o fazendo a sua parte\u00a0no combate ao coronav\u00edrus<\/p><\/div>\n<p>\u201cNeste \u00faltimo s\u00e1bado um sentimento de alegria e gratid\u00e3o tomou nossos cora\u00e7\u00f5es. Nossos colaboradores espontaneamente celebraram em suas redes sociais a iniciativa da empresa de se adaptar para produzir \u00e1lcool em gel para distribui\u00e7\u00e3o gratuita\u201d, diz o texto publicado pela Yp\u00ea no Instagram.<\/p>\n<p>A marca se junta a um agrupo cada vez maior de\u00a0empresas que est\u00e3o fazendo a sua parte\u00a0no combate ao coronav\u00edrus (Covid-19) ou ajudando\u00a0pessoas afetadas direta ou indiretamente pelo v\u00edrus.<\/p>\n<p><em>(Fonte: Raz\u00f5es Para Acreditar\/Foto: Reprodu\u00e7\u00e3o)<\/em><\/p>\n","protected":false},"excerpt":{"rendered":"<p>A marca se junta a um grupo de\u00a0empresas que est\u00e3o fazendo a sua parte\u00a0no combate ao coronav\u00edrus<\/p>\n","protected":false},"author":13,"featured_media":49326,"comment_status":"closed","ping_status":"closed","sticky":false,"template":"","format":"standard","meta":{"footnotes":""},"categories":[1],"tags":[1903,6342,6395],"class_list":["post-49324","post","type-post","status-publish","format-standard","has-post-thumbnail","hentry","category-noticias","tag-brasil","tag-novo-coronavirus","tag-ype"],"_links":{"self":[{"href":"https:\/\/tvtecjundiai.com.br\/news\/wp-json\/wp\/v2\/posts\/49324","targetHints":{"allow":["GET"]}}],"collection":[{"href":"https:\/\/tvtecjundiai.com.br\/news\/wp-json\/wp\/v2\/posts"}],"about":[{"href":"https:\/\/tvtecjundiai.com.br\/news\/wp-json\/wp\/v2\/types\/post"}],"author":[{"embeddable":true,"href":"https:\/\/tvtecjundiai.com.br\/news\/wp-json\/wp\/v2\/users\/13"}],"replies":[{"embeddable":true,"href":"https:\/\/tvtecjundiai.com.br\/news\/wp-json\/wp\/v2\/comments?post=49324"}],"version-history":[{"count":1,"href":"https:\/\/tvtecjundiai.com.br\/news\/wp-json\/wp\/v2\/posts\/49324\/revisions"}],"predecessor-version":[{"id":49327,"href":"https:\/\/tvtecjundiai.com.br\/news\/wp-json\/wp\/v2\/posts\/49324\/revisions\/49327"}],"wp:featuredmedia":[{"embeddable":true,"href":"https:\/\/tvtecjundiai.com.br\/news\/wp-json\/wp\/v2\/media\/49326"}],"wp:attachment":[{"href":"https:\/\/tvtecjundiai.com.br\/news\/wp-json\/wp\/v2\/media?parent=49324"}],"wp:term":[{"taxonomy":"category","embeddable":true,"href":"https:\/\/tvtecjundiai.com.br\/news\/wp-json\/wp\/v2\/categories?post=49324"},{"taxonomy":"post_tag","embeddable":true,"href":"https:\/\/tvtecjundiai.com.br\/news\/wp-json\/wp\/v2\/tags?post=49324"}],"curies":[{"name":"wp","href":"https:\/\/api.w.org\/{rel}","templated":true}]}}