{"id":49340,"date":"2020-03-25T14:56:28","date_gmt":"2020-03-25T17:56:28","guid":{"rendered":"https:\/\/tvtecjundiai.com.br\/news\/?p=49340"},"modified":"2020-03-25T14:56:28","modified_gmt":"2020-03-25T17:56:28","slug":"34a-bienal-de-sao-paulo-adia-abertura-de-exposicao-coletiva-para-outubro","status":"publish","type":"post","link":"https:\/\/tvtecjundiai.com.br\/news\/2020\/03\/25\/34a-bienal-de-sao-paulo-adia-abertura-de-exposicao-coletiva-para-outubro\/","title":{"rendered":"34\u00aa Bienal de S\u00e3o Paulo adia abertura de exposi\u00e7\u00e3o coletiva para outubro"},"content":{"rendered":"<p>A 34\u00aa Bienal de S\u00e3o Paulo fez mudan\u00e7as no seu calend\u00e1rio devido \u00e0s recentes medidas das autoridades para tentar conter a pandemia do novo\u00a0coronav\u00edrus. A abertura da exposi\u00e7\u00e3o coletiva e das exposi\u00e7\u00f5es individuais que aconteceriam antes foram adiadas de 5 de setembro para 3 de outubro de 2020. A visita\u00e7\u00e3o foi estendida at\u00e9 13 de dezembro.<\/p>\n<div id=\"attachment_49342\" style=\"width: 528px\" class=\"wp-caption alignright\"><a href=\"https:\/\/tvtecjundiai.com.br\/news\/wp-content\/uploads\/sites\/2\/2020\/03\/pavilhao-bienal-do-ibirapuera-em-sao-paulo-1502443798797_615x300.jpg\"><img loading=\"lazy\" decoding=\"async\" aria-describedby=\"caption-attachment-49342\" class=\"wp-image-49342\" src=\"https:\/\/tvtecjundiai.com.br\/news\/wp-content\/uploads\/sites\/2\/2020\/03\/pavilhao-bienal-do-ibirapuera-em-sao-paulo-1502443798797_615x300-300x146.jpg\" alt=\"\" width=\"518\" height=\"252\" srcset=\"https:\/\/tvtecjundiai.com.br\/news\/wp-content\/uploads\/sites\/2\/2020\/03\/pavilhao-bienal-do-ibirapuera-em-sao-paulo-1502443798797_615x300-300x146.jpg 300w, https:\/\/tvtecjundiai.com.br\/news\/wp-content\/uploads\/sites\/2\/2020\/03\/pavilhao-bienal-do-ibirapuera-em-sao-paulo-1502443798797_615x300.jpg 615w\" sizes=\"auto, (max-width: 518px) 100vw, 518px\" \/><\/a><p id=\"caption-attachment-49342\" class=\"wp-caption-text\">A visita\u00e7\u00e3o foi estendida at\u00e9 13 de dezembro.<\/p><\/div>\n<div class=\"text \">\n<p>As exposi\u00e7\u00f5es individuais de Clara Ianni e Deana Lawson e as performances de autoria de Le\u00f3n Ferrari e H\u00e9lio Oiticica que aconteceriam entre abril e agosto ser\u00e3o incorporadas \u00e0 mostra coletiva.<\/p>\n<p>Atualmente, o pr\u00e9dio da Bienal j\u00e1 contava com a exposi\u00e7\u00e3o de Ximena Garrido-Lecca, que estreou em fevereiro as mostras individuais.<\/p>\n<p>O t\u00edtulo da Bienal neste ano \u00e9 &#8220;Faz escuro mas eu canto&#8221;, verso tirado de uma poesia do escritor amazonense Thiago de Mello.<\/p>\n<p>&#8220;A arte, com sua capacidade de estabelecer conex\u00f5es e emocionar, \u00e9, agora, mais necess\u00e1ria do que nunca. As equipes da Bienal est\u00e3o trabalhando (remotamente) para que a institui\u00e7\u00e3o contribua de alguma forma, no seu \u00e2mbito de atua\u00e7\u00e3o, durante este momento dif\u00edcil&#8221;, diz o comunicado assinado pelo presidente da Funda\u00e7\u00e3o Bienal de S\u00e3o Paulo, Jos\u00e9 Olympio da Veiga Pereira.<\/p>\n<p>A institui\u00e7\u00e3o informa ainda que as atividades de programa\u00e7\u00e3o p\u00fablica, que est\u00e3o ocorrendo desde o final do ano passado, ser\u00e3o retomadas assim que poss\u00edvel.<\/p>\n<\/div>\n<div class=\"slot-c\"><em>(Fonte\/Foto: Uol)<\/em><\/div>\n","protected":false},"excerpt":{"rendered":"<p>A abertura da exposi\u00e7\u00e3o coletiva e das exposi\u00e7\u00f5es individuais foram para o dia 3 de outubro <\/p>\n","protected":false},"author":13,"featured_media":49342,"comment_status":"closed","ping_status":"closed","sticky":false,"template":"","format":"standard","meta":{"footnotes":""},"categories":[2833,2828,1,2839],"tags":[6342],"class_list":["post-49340","post","type-post","status-publish","format-standard","has-post-thumbnail","hentry","category-cultura","category-educacao","category-noticias","category-saude","tag-novo-coronavirus"],"_links":{"self":[{"href":"https:\/\/tvtecjundiai.com.br\/news\/wp-json\/wp\/v2\/posts\/49340","targetHints":{"allow":["GET"]}}],"collection":[{"href":"https:\/\/tvtecjundiai.com.br\/news\/wp-json\/wp\/v2\/posts"}],"about":[{"href":"https:\/\/tvtecjundiai.com.br\/news\/wp-json\/wp\/v2\/types\/post"}],"author":[{"embeddable":true,"href":"https:\/\/tvtecjundiai.com.br\/news\/wp-json\/wp\/v2\/users\/13"}],"replies":[{"embeddable":true,"href":"https:\/\/tvtecjundiai.com.br\/news\/wp-json\/wp\/v2\/comments?post=49340"}],"version-history":[{"count":1,"href":"https:\/\/tvtecjundiai.com.br\/news\/wp-json\/wp\/v2\/posts\/49340\/revisions"}],"predecessor-version":[{"id":49343,"href":"https:\/\/tvtecjundiai.com.br\/news\/wp-json\/wp\/v2\/posts\/49340\/revisions\/49343"}],"wp:featuredmedia":[{"embeddable":true,"href":"https:\/\/tvtecjundiai.com.br\/news\/wp-json\/wp\/v2\/media\/49342"}],"wp:attachment":[{"href":"https:\/\/tvtecjundiai.com.br\/news\/wp-json\/wp\/v2\/media?parent=49340"}],"wp:term":[{"taxonomy":"category","embeddable":true,"href":"https:\/\/tvtecjundiai.com.br\/news\/wp-json\/wp\/v2\/categories?post=49340"},{"taxonomy":"post_tag","embeddable":true,"href":"https:\/\/tvtecjundiai.com.br\/news\/wp-json\/wp\/v2\/tags?post=49340"}],"curies":[{"name":"wp","href":"https:\/\/api.w.org\/{rel}","templated":true}]}}