{"id":49871,"date":"2020-03-30T14:52:40","date_gmt":"2020-03-30T17:52:40","guid":{"rendered":"https:\/\/tvtecjundiai.com.br\/news\/?p=49871"},"modified":"2020-03-30T14:52:47","modified_gmt":"2020-03-30T17:52:47","slug":"brasil-registra-4-371-infectados-e-141-mortos-por-covid-19","status":"publish","type":"post","link":"https:\/\/tvtecjundiai.com.br\/news\/2020\/03\/30\/brasil-registra-4-371-infectados-e-141-mortos-por-covid-19\/","title":{"rendered":"Brasil registra 4.371 infectados e 141 mortos por Covid-19"},"content":{"rendered":"<div class=\"mc-column content-text active-extra-styles active-capital-letter\" data-block-type=\"unstyled\" data-block-weight=\"39\" data-block-id=\"1\">\n<div class=\"mc-column content-text active-extra-styles active-capital-letter\" data-block-type=\"unstyled\" data-block-weight=\"29\" data-block-id=\"1\">\n<p class=\"content-text__container theme-color-primary-first-letter\" data-track-category=\"Link no Texto\" data-track-links=\"\">As secretarias estaduais de Sa\u00fade divulgaram, at\u00e9 as 12h55 desta segunda-feira (30),\u00a04.371 casos confirmados do\u00a0novo coronav\u00edrus (Sars-Cov-2)\u00a0no Brasil com 141 mortos, 98\u00a0deles em S\u00e3o Paulo.<\/p>\n<\/div>\n<div id=\"attachment_49872\" style=\"width: 523px\" class=\"wp-caption alignright\"><a href=\"https:\/\/tvtecjundiai.com.br\/news\/wp-content\/uploads\/sites\/2\/2020\/03\/52578187_303.jpg\"><img loading=\"lazy\" decoding=\"async\" aria-describedby=\"caption-attachment-49872\" class=\"wp-image-49872\" src=\"https:\/\/tvtecjundiai.com.br\/news\/wp-content\/uploads\/sites\/2\/2020\/03\/52578187_303-300x169.jpg\" alt=\"\" width=\"513\" height=\"289\" srcset=\"https:\/\/tvtecjundiai.com.br\/news\/wp-content\/uploads\/sites\/2\/2020\/03\/52578187_303-300x169.jpg 300w, https:\/\/tvtecjundiai.com.br\/news\/wp-content\/uploads\/sites\/2\/2020\/03\/52578187_303.jpg 700w\" sizes=\"auto, (max-width: 513px) 100vw, 513px\" \/><\/a><p id=\"caption-attachment-49872\" class=\"wp-caption-text\">De acordo com a Secretaria de Sa\u00fade de S\u00e3o Paulo, 98 das 141 mortes, foram registradas no estado<\/p><\/div>\n<\/div>\n<div class=\"wall protected-content\">\n<div class=\"mc-column content-text active-extra-styles \" data-block-type=\"unstyled\" data-block-weight=\"17\" data-block-id=\"2\">\n<div class=\"mc-column content-text active-extra-styles \" data-block-type=\"unstyled\" data-block-weight=\"37\" data-block-id=\"2\">\n<p class=\"content-text__container \" data-track-category=\"Link no Texto\" data-track-links=\"\">A secretaria estadual de Sa\u00fade do Rio Grande do Sul\u00a0confirmou a terceira morte nesta manh\u00e3. J\u00e1 o\u00a0governo de Minas registrou a primeira morte pela doen\u00e7a\u00a0e o numero de casos chegou a 261.<\/p>\n<p data-track-category=\"Link no Texto\" data-track-links=\"\">No Distrito Federal,\u00a0subiu para 301 o n\u00famero de casos. Em Mato Grosso, nova\u00a0atualiza\u00e7\u00e3o da secretaria aponta 16 casos. No Amap\u00e1, o\u00a0n\u00famero de casos dobrou e chegou a 8. Goi\u00e1s j\u00e1 tem\u00a060 casos da doen\u00e7a confirmados. Na\u00a0Para\u00edba j\u00e1 s\u00e3o 15 casos\u00a0e o\u00a0Par\u00e1 tem 21 casos. O Rio Grande do Norte\u00a0registrou mais nove casos nesta manh\u00e3\u00a0e o n\u00famero total de infectados passou para 77.<\/p>\n<div class=\"mc-column content-text active-extra-styles \" data-block-type=\"unstyled\" data-block-weight=\"26\" data-block-id=\"5\">\n<p class=\"content-text__container \" data-track-category=\"Link no Texto\" data-track-links=\"\">Em S\u00e3o Paulo,\u00a0duas mortes foram confirmadas: uma\u00a0por um hospital\u00a0e outra\u00a0por uma universidade,\u00a0somando 98. Os casos ainda n\u00e3o foram contabilizados pela secretaria. O Rio de Janeiro confirmou mais 42 casos e quatro mortes\u00a0neste domingo. O total \u00e9 de 17 mortes e 600 casos no estado.<\/p>\n<div class=\"mc-column content-text active-extra-styles \" data-block-type=\"unstyled\" data-block-weight=\"45\" data-block-id=\"10\">\n<p class=\"content-text__container \" data-track-category=\"Link no Texto\" data-track-links=\"\">O avan\u00e7o da doen\u00e7a est\u00e1 acelerado:\u00a0foram 25 dias desde o primeiro cont\u00e1gio confirmado at\u00e9 os primeiros 1.000 casos\u00a0(de 26 de fevereiro a 21 de mar\u00e7o). No entanto, os\u00a0outros 2.000 casos foram confirmados em apenas seis dias (de 21 a 27 de mar\u00e7o).<\/p>\n<\/div>\n<\/div>\n<\/div>\n<div class=\"mc-column content-text active-extra-styles \" data-block-type=\"unstyled\" data-block-weight=\"24\" data-block-id=\"5\">\n<div class=\"mc-column content-text active-extra-styles \" data-block-type=\"unstyled\" data-block-weight=\"25\" data-block-id=\"9\">\n<div class=\"mc-column content-text active-extra-styles \" data-block-type=\"unstyled\" data-block-weight=\"25\" data-block-id=\"16\">\n<p data-track-category=\"Link no Texto\" data-track-links=\"\"><em>(Fonte: G1\/Foto: Imago Images)<\/em><\/p>\n<\/div>\n<\/div>\n<\/div>\n<\/div>\n<\/div>\n","protected":false},"excerpt":{"rendered":"<p>Das 141 mortes, 98 foram registradas no estado de S\u00e3o Paulo<\/p>\n","protected":false},"author":13,"featured_media":49872,"comment_status":"closed","ping_status":"closed","sticky":false,"template":"","format":"standard","meta":{"footnotes":""},"categories":[29,1,2839],"tags":[1903,6342],"class_list":["post-49871","post","type-post","status-publish","format-standard","has-post-thumbnail","hentry","category-destaque","category-noticias","category-saude","tag-brasil","tag-novo-coronavirus"],"_links":{"self":[{"href":"https:\/\/tvtecjundiai.com.br\/news\/wp-json\/wp\/v2\/posts\/49871","targetHints":{"allow":["GET"]}}],"collection":[{"href":"https:\/\/tvtecjundiai.com.br\/news\/wp-json\/wp\/v2\/posts"}],"about":[{"href":"https:\/\/tvtecjundiai.com.br\/news\/wp-json\/wp\/v2\/types\/post"}],"author":[{"embeddable":true,"href":"https:\/\/tvtecjundiai.com.br\/news\/wp-json\/wp\/v2\/users\/13"}],"replies":[{"embeddable":true,"href":"https:\/\/tvtecjundiai.com.br\/news\/wp-json\/wp\/v2\/comments?post=49871"}],"version-history":[{"count":4,"href":"https:\/\/tvtecjundiai.com.br\/news\/wp-json\/wp\/v2\/posts\/49871\/revisions"}],"predecessor-version":[{"id":49934,"href":"https:\/\/tvtecjundiai.com.br\/news\/wp-json\/wp\/v2\/posts\/49871\/revisions\/49934"}],"wp:featuredmedia":[{"embeddable":true,"href":"https:\/\/tvtecjundiai.com.br\/news\/wp-json\/wp\/v2\/media\/49872"}],"wp:attachment":[{"href":"https:\/\/tvtecjundiai.com.br\/news\/wp-json\/wp\/v2\/media?parent=49871"}],"wp:term":[{"taxonomy":"category","embeddable":true,"href":"https:\/\/tvtecjundiai.com.br\/news\/wp-json\/wp\/v2\/categories?post=49871"},{"taxonomy":"post_tag","embeddable":true,"href":"https:\/\/tvtecjundiai.com.br\/news\/wp-json\/wp\/v2\/tags?post=49871"}],"curies":[{"name":"wp","href":"https:\/\/api.w.org\/{rel}","templated":true}]}}