{"id":49924,"date":"2020-03-30T14:44:42","date_gmt":"2020-03-30T17:44:42","guid":{"rendered":"https:\/\/tvtecjundiai.com.br\/news\/?p=49924"},"modified":"2020-03-30T15:00:50","modified_gmt":"2020-03-30T18:00:50","slug":"placido-domingo-e-internado-por-complicacoes-do-coronavirus","status":"publish","type":"post","link":"https:\/\/tvtecjundiai.com.br\/news\/2020\/03\/30\/placido-domingo-e-internado-por-complicacoes-do-coronavirus\/","title":{"rendered":"Pl\u00e1cido Domingo \u00e9 internado por complica\u00e7\u00f5es do coronav\u00edrus"},"content":{"rendered":"<p>O tenor espanhol\u00a0Pl\u00e1cido Domingo\u00a0foi internado em um hospital em Acapulco, no M\u00e9xico, devido a complica\u00e7\u00f5es causadas pelo\u00a0novo coronav\u00edrus. O astro de 79 anos havia anunciado que testara positivo para a Covid-19 em 19 de mar\u00e7o, relatando sintomas como febre e tosse.<\/p>\n<p><img loading=\"lazy\" decoding=\"async\" class=\"alignright\" src=\"https:\/\/www.correiodopovo.com.br\/image\/policy:1.409029:1585580165\/.jpg?f=2x1&amp;$p$f=7d891a5&amp;w=1200&amp;$w=9c05b01\" alt=\"Pl\u00e1cido Domingo anunciou este m\u00eas que est\u00e1 com novo coronav\u00edrus\" width=\"589\" height=\"295\" \/><\/p>\n<p>Em declara\u00e7\u00e3o \u00e0 CNN, o porta-voz de Placido Domingo disse que o tenor est\u00e1 \u201cbem e reagindo ao tratamento\u201d. O tenor tem casa no M\u00e9xico, onde as medidas para evitar a dissemina\u00e7\u00e3o do coronav\u00edrus se endureceram na sexta-feira (27), quando o presidente Andr\u00e9s Manuel L\u00f3pez Obrador pediu para que as pessoas ficassem em casa para evitar uma \u201cavassaladora\u201d dissemina\u00e7\u00e3o do coronav\u00edrus.<\/p>\n<p>Antes, ele havia dado declara\u00e7\u00f5es que minimizavam a pandemia. \u201cSe n\u00e3o ficarmos dentro de casa, o n\u00famero de infec\u00e7\u00f5es pode disparar, e isso saturaria nossos hospitais\u201d, disse. No pa\u00eds, que j\u00e1 confirmou 20 mortes em decorr\u00eancia do coronav\u00edrus, h\u00e1 quase mil pessoas infectadas com a Covid-19.<\/p>\n<p><em>(Fonte e imagem: Metropole)<\/em><\/p>\n","protected":false},"excerpt":{"rendered":"<p>Ele est\u00e1 internado em um hospital em Acapulco, no M\u00e9xico<\/p>\n","protected":false},"author":8,"featured_media":49928,"comment_status":"closed","ping_status":"closed","sticky":false,"template":"","format":"standard","meta":{"footnotes":""},"categories":[2833,1,2839],"tags":[6442],"class_list":["post-49924","post","type-post","status-publish","format-standard","has-post-thumbnail","hentry","category-cultura","category-noticias","category-saude","tag-placido-domingo-covid-19"],"_links":{"self":[{"href":"https:\/\/tvtecjundiai.com.br\/news\/wp-json\/wp\/v2\/posts\/49924","targetHints":{"allow":["GET"]}}],"collection":[{"href":"https:\/\/tvtecjundiai.com.br\/news\/wp-json\/wp\/v2\/posts"}],"about":[{"href":"https:\/\/tvtecjundiai.com.br\/news\/wp-json\/wp\/v2\/types\/post"}],"author":[{"embeddable":true,"href":"https:\/\/tvtecjundiai.com.br\/news\/wp-json\/wp\/v2\/users\/8"}],"replies":[{"embeddable":true,"href":"https:\/\/tvtecjundiai.com.br\/news\/wp-json\/wp\/v2\/comments?post=49924"}],"version-history":[{"count":3,"href":"https:\/\/tvtecjundiai.com.br\/news\/wp-json\/wp\/v2\/posts\/49924\/revisions"}],"predecessor-version":[{"id":49938,"href":"https:\/\/tvtecjundiai.com.br\/news\/wp-json\/wp\/v2\/posts\/49924\/revisions\/49938"}],"wp:featuredmedia":[{"embeddable":true,"href":"https:\/\/tvtecjundiai.com.br\/news\/wp-json\/wp\/v2\/media\/49928"}],"wp:attachment":[{"href":"https:\/\/tvtecjundiai.com.br\/news\/wp-json\/wp\/v2\/media?parent=49924"}],"wp:term":[{"taxonomy":"category","embeddable":true,"href":"https:\/\/tvtecjundiai.com.br\/news\/wp-json\/wp\/v2\/categories?post=49924"},{"taxonomy":"post_tag","embeddable":true,"href":"https:\/\/tvtecjundiai.com.br\/news\/wp-json\/wp\/v2\/tags?post=49924"}],"curies":[{"name":"wp","href":"https:\/\/api.w.org\/{rel}","templated":true}]}}