{"id":49968,"date":"2020-03-30T16:50:57","date_gmt":"2020-03-30T19:50:57","guid":{"rendered":"https:\/\/tvtecjundiai.com.br\/news\/?p=49968"},"modified":"2020-03-30T16:51:30","modified_gmt":"2020-03-30T19:51:30","slug":"grendacc-jundiai-recebe-doacoes-de-nota-fiscal-paulista","status":"publish","type":"post","link":"https:\/\/tvtecjundiai.com.br\/news\/2020\/03\/30\/grendacc-jundiai-recebe-doacoes-de-nota-fiscal-paulista\/","title":{"rendered":"Grendacc Jundia\u00ed recebe doa\u00e7\u00f5es de Nota Fiscal Paulista"},"content":{"rendered":"<p>Como medida preventiva ao combate do Covid-19, o Grendacc (Grupo em Defesa da Crian\u00e7a com C\u00e2ncer) suspendeu os trabalhos volunt\u00e1rios e bazares, para garantir a seguran\u00e7a dos pacientes, equipe m\u00e9dica e colaboradores. Com isso, houve uma queda de 15 a 20% em sua arrecada\u00e7\u00e3o.<\/p>\n<div id=\"attachment_49972\" style=\"width: 477px\" class=\"wp-caption alignright\"><a href=\"https:\/\/tvtecjundiai.com.br\/news\/wp-content\/uploads\/sites\/2\/2020\/03\/Design-sem-nome-3-5.jpg\"><img loading=\"lazy\" decoding=\"async\" aria-describedby=\"caption-attachment-49972\" class=\"wp-image-49972\" src=\"https:\/\/tvtecjundiai.com.br\/news\/wp-content\/uploads\/sites\/2\/2020\/03\/Design-sem-nome-3-5-300x169.jpg\" alt=\"\" width=\"467\" height=\"263\" srcset=\"https:\/\/tvtecjundiai.com.br\/news\/wp-content\/uploads\/sites\/2\/2020\/03\/Design-sem-nome-3-5-300x169.jpg 300w, https:\/\/tvtecjundiai.com.br\/news\/wp-content\/uploads\/sites\/2\/2020\/03\/Design-sem-nome-3-5-768x432.jpg 768w, https:\/\/tvtecjundiai.com.br\/news\/wp-content\/uploads\/sites\/2\/2020\/03\/Design-sem-nome-3-5-1200x675.jpg 1200w, https:\/\/tvtecjundiai.com.br\/news\/wp-content\/uploads\/sites\/2\/2020\/03\/Design-sem-nome-3-5.jpg 1280w\" sizes=\"auto, (max-width: 467px) 100vw, 467px\" \/><\/a><p id=\"caption-attachment-49972\" class=\"wp-caption-text\">Mais do que nunca, a institui\u00e7\u00e3o precisa de ajuda da popula\u00e7\u00e3o de Jundia\u00ed e regi\u00e3o para dar continuidade aos tratamentos com devida qualidade.<\/p><\/div>\n<p>No entanto, n\u00e3o houve altera\u00e7\u00e3o no atendimento que hoje conta com 20 em tratamento e outros 50 em acompanhamento. Mais do que nunca, a institui\u00e7\u00e3o precisa de ajuda da popula\u00e7\u00e3o de Jundia\u00ed e regi\u00e3o para dar continuidade aos tratamentos com devida qualidade.<\/p>\n<p>Uma das formas de se doar, sem mexer no bolso, \u00e9 por meio da Nota Fiscal Paulista. Basta baixar o aplicativo da Nota Fiscal Paulista pelo play store ou app store do celular ou o pr\u00f3prio aplicativo da institui\u00e7\u00e3o (Grendacc NotaB\u00ea), fotografar a nota fiscal e pronto, a doa\u00e7\u00e3o est\u00e1 feita.<\/p>\n<p>Outra forma de participa\u00e7\u00e3o \u00e9 realizar o cadastro no site da Receita Federal e automaticamente quando digitar o n\u00famero do seu CPF em qualquer estabelecimento comercial, a nota fiscal ser\u00e1 encaminhada direto para o Grendacc.<\/p>\n<p>&#8220;Acredito que as doa\u00e7\u00f5es atrav\u00e9s da NFP s\u00e3o \u00e9 uma forma bastante simples de contribui\u00e7\u00e3o, al\u00e9m de extremamente relevantes para a nossa institui\u00e7\u00e3o. Est\u00e3o ao alcance de qualquer pessoa e n\u00e3o requerem nenhum desembolso financeiro&#8221;, diz Isabela Bastos Cardoso, vice-presidente do Grendacc.<\/p>\n<p>Veja o passo a passo:<\/p>\n<ul>\n<li>Acesse seu cadastro no site: www.nfp.fazenda.sp.gov.br;<\/li>\n<li>Na aba &#8216;entidades&#8217;, escolha &#8216;doa\u00e7\u00e3o de cupons com CPF (autom\u00e1tica)&#8217;;<\/li>\n<li>Em &#8216;pesquisa entidade&#8217;, digite o CNPJ: 007973970001\/94 e selecione a institui\u00e7\u00e3o;<\/li>\n<li>Escolha o per\u00edodo de doa\u00e7\u00e3o: trimestral, semestral ou anual;<\/li>\n<li>Feito! As notas ser\u00e3o doadas automaticamente para o Grendacc.<\/li>\n<\/ul>\n<p>Quem preferir pode colaborar com a institui\u00e7\u00e3o fazendo doa\u00e7\u00f5es por meio do telemarketing ou dep\u00f3sito em conta. Mais informa\u00e7\u00f5es pelo telefone: <span class=\"zgWrF\">(11) 4815-8440.<\/span><\/p>\n<p><em>(Fonte\/Foto: Assessoria de Imprensa Grendacc)<\/em><\/p>\n<p>&nbsp;<\/p>\n","protected":false},"excerpt":{"rendered":"<p>Quem preferir pode colaborar fazendo doa\u00e7\u00f5es por meio do telemarketing ou dep\u00f3sito <\/p>\n","protected":false},"author":13,"featured_media":49970,"comment_status":"closed","ping_status":"closed","sticky":false,"template":"","format":"standard","meta":{"footnotes":""},"categories":[2834,1],"tags":[6449,6448],"class_list":["post-49968","post","type-post","status-publish","format-standard","has-post-thumbnail","hentry","category-cidades","category-noticias","tag-doacao-de-nota-fiscal-paulista","tag-grendacc-jundiai"],"_links":{"self":[{"href":"https:\/\/tvtecjundiai.com.br\/news\/wp-json\/wp\/v2\/posts\/49968","targetHints":{"allow":["GET"]}}],"collection":[{"href":"https:\/\/tvtecjundiai.com.br\/news\/wp-json\/wp\/v2\/posts"}],"about":[{"href":"https:\/\/tvtecjundiai.com.br\/news\/wp-json\/wp\/v2\/types\/post"}],"author":[{"embeddable":true,"href":"https:\/\/tvtecjundiai.com.br\/news\/wp-json\/wp\/v2\/users\/13"}],"replies":[{"embeddable":true,"href":"https:\/\/tvtecjundiai.com.br\/news\/wp-json\/wp\/v2\/comments?post=49968"}],"version-history":[{"count":2,"href":"https:\/\/tvtecjundiai.com.br\/news\/wp-json\/wp\/v2\/posts\/49968\/revisions"}],"predecessor-version":[{"id":49974,"href":"https:\/\/tvtecjundiai.com.br\/news\/wp-json\/wp\/v2\/posts\/49968\/revisions\/49974"}],"wp:featuredmedia":[{"embeddable":true,"href":"https:\/\/tvtecjundiai.com.br\/news\/wp-json\/wp\/v2\/media\/49970"}],"wp:attachment":[{"href":"https:\/\/tvtecjundiai.com.br\/news\/wp-json\/wp\/v2\/media?parent=49968"}],"wp:term":[{"taxonomy":"category","embeddable":true,"href":"https:\/\/tvtecjundiai.com.br\/news\/wp-json\/wp\/v2\/categories?post=49968"},{"taxonomy":"post_tag","embeddable":true,"href":"https:\/\/tvtecjundiai.com.br\/news\/wp-json\/wp\/v2\/tags?post=49968"}],"curies":[{"name":"wp","href":"https:\/\/api.w.org\/{rel}","templated":true}]}}