{"id":50219,"date":"2020-04-01T15:40:41","date_gmt":"2020-04-01T18:40:41","guid":{"rendered":"https:\/\/tvtecjundiai.com.br\/news\/?p=50219"},"modified":"2020-04-01T15:40:41","modified_gmt":"2020-04-01T18:40:41","slug":"coral-municipal-de-jundiai-ensaia-por-videoconferencia","status":"publish","type":"post","link":"https:\/\/tvtecjundiai.com.br\/news\/2020\/04\/01\/coral-municipal-de-jundiai-ensaia-por-videoconferencia\/","title":{"rendered":"Coral Municipal de Jundia\u00ed ensaia por videoconfer\u00eancia"},"content":{"rendered":"<p>O Coral Municipal de Jundia\u00ed deu in\u00edcio, na noite dessa ter\u00e7a-feira (31), aos ensaios do grupo por meio de videoconfer\u00eancia. A iniciativa visa manter o entrosamento e a rotina de ensaios, mesmo que \u00e0 dist\u00e2ncia, enquanto durarem as restri\u00e7\u00f5es de encontros presenciais durante o enfrentamento e preven\u00e7\u00e3o ao Coronav\u00edrus (COVID-19).<\/p>\n<div id=\"attachment_50221\" style=\"width: 494px\" class=\"wp-caption alignright\"><a href=\"https:\/\/tvtecjundiai.com.br\/news\/wp-content\/uploads\/sites\/2\/2020\/04\/ensaio_coral_video_edit.jpg\"><img loading=\"lazy\" decoding=\"async\" aria-describedby=\"caption-attachment-50221\" class=\" wp-image-50221\" src=\"https:\/\/tvtecjundiai.com.br\/news\/wp-content\/uploads\/sites\/2\/2020\/04\/ensaio_coral_video_edit-300x178.jpg\" alt=\"\" width=\"484\" height=\"287\" srcset=\"https:\/\/tvtecjundiai.com.br\/news\/wp-content\/uploads\/sites\/2\/2020\/04\/ensaio_coral_video_edit-300x178.jpg 300w, https:\/\/tvtecjundiai.com.br\/news\/wp-content\/uploads\/sites\/2\/2020\/04\/ensaio_coral_video_edit-768x455.jpg 768w, https:\/\/tvtecjundiai.com.br\/news\/wp-content\/uploads\/sites\/2\/2020\/04\/ensaio_coral_video_edit.jpg 1061w\" sizes=\"auto, (max-width: 484px) 100vw, 484px\" \/><\/a><p id=\"caption-attachment-50221\" class=\"wp-caption-text\">Ensaios na plataforma digital seguir\u00e3o pelos pr\u00f3ximos dias<\/p><\/div>\n<p>O gestor da Unidade de Gest\u00e3o de Cultura (UGC), Marcelo Peroni, ressalta a import\u00e2ncia da iniciativa, tanto para os artistas, quanto para a sociedade em geral. \u201cNeste per\u00edodo de isolamento, atividades art\u00edsticas e diferenciadas como esta s\u00e3o de grande import\u00e2ncia. Tanto para a classe art\u00edstica, que d\u00e1 andamento \u00e0 sua rotina de ensaios e ao entrosamento de grupos, quanto para a sociedade, que encontra alternativas para passar o tempo com qualidade\u201d.<\/p>\n<p>Segundo a regente do Coral, Vast\u00ed Atique, 22 dos integrantes do grupo conseguiram se logar logo neste primeiro encontro. \u201cDo ponto de vista da sociabilidade, foi uma experi\u00eancia muito legal, at\u00e9 emocionante, por parte dos integrantes, que se reviram, ainda que remotamente, pela primeira vez desde o nosso \u00faltimo ensaio no Complexo Fepasa. J\u00e1 do ponto de vista pr\u00e1tico, estamos aprendendo a usar a ferramenta, que tem muitas possibilidades, mas ainda apresenta algumas restri\u00e7\u00f5es, como a quest\u00e3o da lat\u00eancia do som e a sua depend\u00eancia do aparelho e rede de cada integrante.\u201d<\/p>\n<p>Vast\u00ed explica que a partir de agora o grupo retoma a rotina de ensaios, nas noites das ter\u00e7as e quintas-feiras. \u201cEstou acompanhando um coro alem\u00e3o, que tem, por coincid\u00eancia, uma regente brasileira, e tem compartilhado com outros grupos algumas dicas e ferramentas importantes. Isso dever\u00e1 aprimorar nossos pr\u00f3ximos encontros, pois afinal, n\u00f3s estamos sempre nos reinventando\u201d, brinca.<\/p>\n<p><em>(Fonte\/Foto: Prefeitura de Jundia\u00ed)<\/em><\/p>\n","protected":false},"excerpt":{"rendered":"<p>A iniciativa visa manter o entrosamento e a rotina de ensaios, mesmo que \u00e0 dist\u00e2ncia<\/p>\n","protected":false},"author":13,"featured_media":50221,"comment_status":"closed","ping_status":"closed","sticky":false,"template":"","format":"standard","meta":{"footnotes":""},"categories":[2834,2833,1],"tags":[6472],"class_list":["post-50219","post","type-post","status-publish","format-standard","has-post-thumbnail","hentry","category-cidades","category-cultura","category-noticias","tag-coral-municipal-de-jundiai-novo-coronavirus"],"_links":{"self":[{"href":"https:\/\/tvtecjundiai.com.br\/news\/wp-json\/wp\/v2\/posts\/50219","targetHints":{"allow":["GET"]}}],"collection":[{"href":"https:\/\/tvtecjundiai.com.br\/news\/wp-json\/wp\/v2\/posts"}],"about":[{"href":"https:\/\/tvtecjundiai.com.br\/news\/wp-json\/wp\/v2\/types\/post"}],"author":[{"embeddable":true,"href":"https:\/\/tvtecjundiai.com.br\/news\/wp-json\/wp\/v2\/users\/13"}],"replies":[{"embeddable":true,"href":"https:\/\/tvtecjundiai.com.br\/news\/wp-json\/wp\/v2\/comments?post=50219"}],"version-history":[{"count":1,"href":"https:\/\/tvtecjundiai.com.br\/news\/wp-json\/wp\/v2\/posts\/50219\/revisions"}],"predecessor-version":[{"id":50222,"href":"https:\/\/tvtecjundiai.com.br\/news\/wp-json\/wp\/v2\/posts\/50219\/revisions\/50222"}],"wp:featuredmedia":[{"embeddable":true,"href":"https:\/\/tvtecjundiai.com.br\/news\/wp-json\/wp\/v2\/media\/50221"}],"wp:attachment":[{"href":"https:\/\/tvtecjundiai.com.br\/news\/wp-json\/wp\/v2\/media?parent=50219"}],"wp:term":[{"taxonomy":"category","embeddable":true,"href":"https:\/\/tvtecjundiai.com.br\/news\/wp-json\/wp\/v2\/categories?post=50219"},{"taxonomy":"post_tag","embeddable":true,"href":"https:\/\/tvtecjundiai.com.br\/news\/wp-json\/wp\/v2\/tags?post=50219"}],"curies":[{"name":"wp","href":"https:\/\/api.w.org\/{rel}","templated":true}]}}