{"id":50358,"date":"2020-04-02T14:22:42","date_gmt":"2020-04-02T17:22:42","guid":{"rendered":"https:\/\/tvtecjundiai.com.br\/news\/?p=50358"},"modified":"2020-04-02T14:29:31","modified_gmt":"2020-04-02T17:29:31","slug":"sem-encomendas-com-quarentena-costureiras-investem-em-mascaras","status":"publish","type":"post","link":"https:\/\/tvtecjundiai.com.br\/news\/2020\/04\/02\/sem-encomendas-com-quarentena-costureiras-investem-em-mascaras\/","title":{"rendered":"Sem encomendas com quarentena, costureiras investem em m\u00e1scaras"},"content":{"rendered":"<p>A quarentena devido \u00e0 pandemia da Covid-19, doen\u00e7a causada pelo coronav\u00edrus, tamb\u00e9m afetou o trabalho de costureiras, que ficaram sem encomendas durante o per\u00edodo de isolamento social para evitar a dissemina\u00e7\u00e3o do v\u00edrus. Como alternativa \u00e0 falta de servi\u00e7os e forma de garantir renda, algumas profissionais t\u00eam investido na fabrica\u00e7\u00e3o de m\u00e1scaras de tecido.<\/p>\n<div id=\"attachment_50359\" style=\"width: 431px\" class=\"wp-caption alignright\"><img loading=\"lazy\" decoding=\"async\" aria-describedby=\"caption-attachment-50359\" class=\"wp-image-50359\" src=\"https:\/\/tvtecjundiai.com.br\/news\/wp-content\/uploads\/sites\/2\/2020\/04\/mascaras-300x169.jpeg\" alt=\"\" width=\"421\" height=\"237\" srcset=\"https:\/\/tvtecjundiai.com.br\/news\/wp-content\/uploads\/sites\/2\/2020\/04\/mascaras-300x169.jpeg 300w, https:\/\/tvtecjundiai.com.br\/news\/wp-content\/uploads\/sites\/2\/2020\/04\/mascaras-768x432.jpeg 768w, https:\/\/tvtecjundiai.com.br\/news\/wp-content\/uploads\/sites\/2\/2020\/04\/mascaras.jpeg 1000w\" sizes=\"auto, (max-width: 421px) 100vw, 421px\" \/><p id=\"caption-attachment-50359\" class=\"wp-caption-text\">Costureira chega produzir cerca de 80 m\u00e1scaras de tecido por dia em Teresina<\/p><\/div>\n<p>\u00c9 o caso de Eliete Oliveira, que \u00e9 propriet\u00e1ria de um\u00a0ateli\u00ea\u00a0no Bairro Dirceu II, Zona Sudeste de Teresina. A costureira iniciou a confec\u00e7\u00e3o do material h\u00e1 tr\u00eas semanas e hoje consegue fabricar 80 unidades por dia, comercializando as m\u00e1scaras por R$ 4 a unidade.<\/p>\n<p>Com a grande procura por m\u00e1scaras como forma de prote\u00e7\u00e3o ao cont\u00e1gio, o equipamento, inicialmente recomendado apenas para profissionais da sa\u00fade, pessoas doentes e pessoas que convivem com doentes, est\u00e1 em falta no estabelecimentos comerciais. Quando encontrado, o produto tende, inclusive, a estar acima do pre\u00e7o, havendo casos at\u00e9 de\u00a0cobran\u00e7a de pre\u00e7os abusivos.<\/p>\n<div class=\"mc-column content-text active-extra-styles \" data-block-type=\"unstyled\" data-block-weight=\"51\" data-block-id=\"8\">\n<p class=\"content-text__container \" data-track-category=\"Link no Texto\" data-track-links=\"\">Agora, com a\u00a0mudan\u00e7a da recomenda\u00e7\u00e3o do Minist\u00e9rio da Sa\u00fade sobre a utiliza\u00e7\u00e3o do equipamento, a busca por formas de se proteger do coronav\u00edrus tende a aumentar. O ministro da Sa\u00fade, Luiz Henrique Mandetta, recomendou \u00e0 popula\u00e7\u00e3o em geral o\u00a0uso das m\u00e1scaras de tecido como forma de preven\u00e7\u00e3o \u00e0 contamina\u00e7\u00e3o.<\/p>\n<div class=\"mc-column content-text active-extra-styles \" data-block-type=\"unstyled\" data-block-weight=\"35\" data-block-id=\"10\">\n<p class=\"content-text__container \" data-track-category=\"Link no Texto\" data-track-links=\"\">Samara Noll\u00eato, que possui uma\u00a0f\u00e1brica de enxoval de beb\u00ea\u00a0no Centro da capital piauiense, readaptou o neg\u00f3cio para produ\u00e7\u00e3o das m\u00e1scaras de tecido e tentar atender a demanda da falta do produto no com\u00e9rcio.<\/p>\n<\/div>\n<div class=\"mc-column content-text active-extra-styles \" data-block-type=\"unstyled\" data-block-weight=\"37\" data-block-id=\"11\">\n<p class=\"content-text__container \" data-track-category=\"Link no Texto\" data-track-links=\"\">A empres\u00e1ria dispensou as funcion\u00e1rias, devido ao decreto de quarentena, e atualmente tem trabalhado apenas com a ajuda dos pais. A fam\u00edlia chega a fabricar cerca de 300 unidades por dia e comercializa o produto por R$4.<\/p>\n<\/div>\n<\/div>\n<div class=\"row medium-uncollapsed content-media content-photo\" data-block-type=\"backstage-photo\" data-block-id=\"9\">\n<div class=\"mc-column content-media__container\">\n<div class=\"progressive-img can-open-lightbox\" data-min-size=\"1008x567\" data-min-size-url=\"https:\/\/s2.glbimg.com\/lGY-aflYTlaSr5sN37_dmdgc_Y4=\/0x0:1032x581\/1008x0\/smart\/filters:strip_icc()\/i.s3.glbimg.com\/v1\/AUTH_59edd422c0c84a879bd37670ae4f538a\/internal_photos\/bs\/2020\/9\/H\/KEi4HbSM2STglGUzyYZQ\/whatsapp-image-2020-04-02-at-11.57.49.jpeg\" data-max-size=\"1600x900\" data-max-size-url=\"https:\/\/s2.glbimg.com\/pUZdiFimXK441f_5tBf4IA4A474=\/0x0:1032x581\/1600x0\/smart\/filters:strip_icc()\/i.s3.glbimg.com\/v1\/AUTH_59edd422c0c84a879bd37670ae4f538a\/internal_photos\/bs\/2020\/9\/H\/KEi4HbSM2STglGUzyYZQ\/whatsapp-image-2020-04-02-at-11.57.49.jpeg\" data-media-index=\"1\">A empreendedora oferece servi\u00e7o de entrega para os interessados em adquirir o material. &#8220;Com o delivery os clientes que desejam o nosso produto n\u00e3o precisam descer do carro, eles apenas param em uma \u00e1rea indicada e n\u00f3s entregamos a encomenda\u201d, informou.<\/div>\n<\/div>\n<\/div>\n<div data-min-size=\"1008x567\" data-min-size-url=\"https:\/\/s2.glbimg.com\/lGY-aflYTlaSr5sN37_dmdgc_Y4=\/0x0:1032x581\/1008x0\/smart\/filters:strip_icc()\/i.s3.glbimg.com\/v1\/AUTH_59edd422c0c84a879bd37670ae4f538a\/internal_photos\/bs\/2020\/9\/H\/KEi4HbSM2STglGUzyYZQ\/whatsapp-image-2020-04-02-at-11.57.49.jpeg\" data-max-size=\"1600x900\" data-max-size-url=\"https:\/\/s2.glbimg.com\/pUZdiFimXK441f_5tBf4IA4A474=\/0x0:1032x581\/1600x0\/smart\/filters:strip_icc()\/i.s3.glbimg.com\/v1\/AUTH_59edd422c0c84a879bd37670ae4f538a\/internal_photos\/bs\/2020\/9\/H\/KEi4HbSM2STglGUzyYZQ\/whatsapp-image-2020-04-02-at-11.57.49.jpeg\" data-media-index=\"1\"><\/div>\n<div data-min-size=\"1008x567\" data-min-size-url=\"https:\/\/s2.glbimg.com\/lGY-aflYTlaSr5sN37_dmdgc_Y4=\/0x0:1032x581\/1008x0\/smart\/filters:strip_icc()\/i.s3.glbimg.com\/v1\/AUTH_59edd422c0c84a879bd37670ae4f538a\/internal_photos\/bs\/2020\/9\/H\/KEi4HbSM2STglGUzyYZQ\/whatsapp-image-2020-04-02-at-11.57.49.jpeg\" data-max-size=\"1600x900\" data-max-size-url=\"https:\/\/s2.glbimg.com\/pUZdiFimXK441f_5tBf4IA4A474=\/0x0:1032x581\/1600x0\/smart\/filters:strip_icc()\/i.s3.glbimg.com\/v1\/AUTH_59edd422c0c84a879bd37670ae4f538a\/internal_photos\/bs\/2020\/9\/H\/KEi4HbSM2STglGUzyYZQ\/whatsapp-image-2020-04-02-at-11.57.49.jpeg\" data-media-index=\"1\"><em>(Fonte: G1. Imagem: Arquivo Pessoal\/Eliete Oliveira)<\/em><\/div>\n","protected":false},"excerpt":{"rendered":"<p>A procura pelo produto aumentou ap\u00f3s o Minist\u00e9rio da Sa\u00fade recomendar o uso<\/p>\n","protected":false},"author":8,"featured_media":50359,"comment_status":"closed","ping_status":"closed","sticky":false,"template":"","format":"standard","meta":{"footnotes":""},"categories":[2834,1,2839],"tags":[6486],"class_list":["post-50358","post","type-post","status-publish","format-standard","has-post-thumbnail","hentry","category-cidades","category-noticias","category-saude","tag-coronavirus-e-as-mascaras"],"_links":{"self":[{"href":"https:\/\/tvtecjundiai.com.br\/news\/wp-json\/wp\/v2\/posts\/50358","targetHints":{"allow":["GET"]}}],"collection":[{"href":"https:\/\/tvtecjundiai.com.br\/news\/wp-json\/wp\/v2\/posts"}],"about":[{"href":"https:\/\/tvtecjundiai.com.br\/news\/wp-json\/wp\/v2\/types\/post"}],"author":[{"embeddable":true,"href":"https:\/\/tvtecjundiai.com.br\/news\/wp-json\/wp\/v2\/users\/8"}],"replies":[{"embeddable":true,"href":"https:\/\/tvtecjundiai.com.br\/news\/wp-json\/wp\/v2\/comments?post=50358"}],"version-history":[{"count":1,"href":"https:\/\/tvtecjundiai.com.br\/news\/wp-json\/wp\/v2\/posts\/50358\/revisions"}],"predecessor-version":[{"id":50360,"href":"https:\/\/tvtecjundiai.com.br\/news\/wp-json\/wp\/v2\/posts\/50358\/revisions\/50360"}],"wp:featuredmedia":[{"embeddable":true,"href":"https:\/\/tvtecjundiai.com.br\/news\/wp-json\/wp\/v2\/media\/50359"}],"wp:attachment":[{"href":"https:\/\/tvtecjundiai.com.br\/news\/wp-json\/wp\/v2\/media?parent=50358"}],"wp:term":[{"taxonomy":"category","embeddable":true,"href":"https:\/\/tvtecjundiai.com.br\/news\/wp-json\/wp\/v2\/categories?post=50358"},{"taxonomy":"post_tag","embeddable":true,"href":"https:\/\/tvtecjundiai.com.br\/news\/wp-json\/wp\/v2\/tags?post=50358"}],"curies":[{"name":"wp","href":"https:\/\/api.w.org\/{rel}","templated":true}]}}