{"id":50533,"date":"2020-04-03T12:54:49","date_gmt":"2020-04-03T15:54:49","guid":{"rendered":"https:\/\/tvtecjundiai.com.br\/news\/?p=50533"},"modified":"2020-04-03T12:54:49","modified_gmt":"2020-04-03T15:54:49","slug":"para-driblar-a-saudade-netos-visitam-bisavo-pelo-portao-da-casa-todo-dia","status":"publish","type":"post","link":"https:\/\/tvtecjundiai.com.br\/news\/2020\/04\/03\/para-driblar-a-saudade-netos-visitam-bisavo-pelo-portao-da-casa-todo-dia\/","title":{"rendered":"Para driblar a saudade, netos visitam bisav\u00f3 pelo port\u00e3o da casa todo dia"},"content":{"rendered":"<div class=\"mc-column content-text active-extra-styles \" data-block-type=\"unstyled\" data-block-weight=\"54\" data-block-id=\"2\">\n<p class=\"content-text__container \" data-track-category=\"Link no Texto\" data-track-links=\"\">Mesmo sem beijo e abra\u00e7o, o maior gesto de amor dos pequenos Thomaz e Bia, de 9 e 4 anos, \u00e9 o de apenas passar na frente da casa da &#8220;bisa&#8221;, em Itapetininga, S\u00e3o Paulo. Acostumados a frequentar a casa da dona Neusa todos os dias de manh\u00e3, depois da escola e aos domingos, os bisnetos t\u00eam compreendido a situa\u00e7\u00e3o e respeitam o distanciamento social.<\/p>\n<div id=\"attachment_50534\" style=\"width: 513px\" class=\"wp-caption alignright\"><a href=\"https:\/\/tvtecjundiai.com.br\/news\/wp-content\/uploads\/sites\/2\/2020\/04\/Design-sem-nome-6-1.jpg\"><img loading=\"lazy\" decoding=\"async\" aria-describedby=\"caption-attachment-50534\" class=\"wp-image-50534\" src=\"https:\/\/tvtecjundiai.com.br\/news\/wp-content\/uploads\/sites\/2\/2020\/04\/Design-sem-nome-6-1-300x169.jpg\" alt=\"\" width=\"503\" height=\"283\" srcset=\"https:\/\/tvtecjundiai.com.br\/news\/wp-content\/uploads\/sites\/2\/2020\/04\/Design-sem-nome-6-1-300x169.jpg 300w, https:\/\/tvtecjundiai.com.br\/news\/wp-content\/uploads\/sites\/2\/2020\/04\/Design-sem-nome-6-1-768x432.jpg 768w, https:\/\/tvtecjundiai.com.br\/news\/wp-content\/uploads\/sites\/2\/2020\/04\/Design-sem-nome-6-1-1200x675.jpg 1200w, https:\/\/tvtecjundiai.com.br\/news\/wp-content\/uploads\/sites\/2\/2020\/04\/Design-sem-nome-6-1.jpg 1280w\" sizes=\"auto, (max-width: 503px) 100vw, 503px\" \/><\/a><p id=\"caption-attachment-50534\" class=\"wp-caption-text\">Bia e Thomaz agora visitam bisav\u00f3 \u00e0 dist\u00e2ncia por causa da pandemia do coronav\u00edrus<\/p><\/div>\n<p class=\"content-text__container \" data-track-category=\"Link no Texto\" data-track-links=\"\">&#8220;A dist\u00e2ncia est\u00e1 sendo muito triste para os dois lados. No primeiro dia de distanciamento, fizemos a visita da foto e, todo mundo com n\u00f3 na garganta, conversou atrav\u00e9s do port\u00e3o. Isso para n\u00f3s foi um sofrimento grande, por\u00e9m necess\u00e1rio para preservar a vida dessa &#8216;bisa&#8217; que tanto amamos&#8221;, conta Aline Goes, m\u00e3e de Bia e Thomaz.<\/p>\n<\/div>\n<div class=\"wall protected-content\">\n<div class=\"mc-column content-text active-extra-styles \" data-block-type=\"unstyled\" data-block-weight=\"30\" data-block-id=\"3\">\n<div class=\"mc-column content-text active-extra-styles \" data-block-type=\"unstyled\" data-block-weight=\"59\" data-block-id=\"8\">\n<p class=\"content-text__container \" data-track-category=\"Link no Texto\" data-track-links=\"\">Aline contou que a fam\u00edlia visita a &#8220;bisa&#8221; praticamente todos os dias, e ela sempre pergunta se n\u00e3o querem entrar. Mas ela explicou para os filhos que a doen\u00e7a prejudica os idosos, e quem \u00e9 mais jovem pode ficar doente sem nem saber. Por isso, agora os irm\u00e3os andam at\u00e9 com um mini \u00e1lcool em gel &#8220;divertido&#8221;. &#8220;Em pleno s\u00e9culo 21 temos que nos distanciar por conta de um inimigo invis\u00edvel que pode levar vidas embora se n\u00e3o tivermos cuidado, principalmente com a higiene das m\u00e3os e distanciamento social&#8221;, diz.<\/p>\n<\/div>\n<div class=\"mc-column content-text active-extra-styles \" data-block-type=\"unstyled\" data-block-weight=\"34\" data-block-id=\"9\">\n<div class=\"mc-column content-text active-extra-styles \" data-block-type=\"unstyled\" data-block-weight=\"23\" data-block-id=\"12\">\n<p class=\"content-text__container \" data-track-category=\"Link no Texto\" data-track-links=\"\">Aline afirma que o distanciamento social \u00e9 um gesto de amor e que a fam\u00edlia tem rezado para que a rotina normalize. &#8220;Meus filhos falam que assim que puderem, a primeira coisa que v\u00e3o fazer \u00e9 correr pra casa da bisa. Estamos mantendo esse distanciamento somente por amor.&#8221;<\/p>\n<\/div>\n<\/div>\n<div class=\"row medium-uncollapsed content-media content-photo\" data-block-type=\"backstage-photo\" data-block-id=\"10\">\n<div class=\"mc-column content-media__container\">\n<div class=\"progressive-img can-open-lightbox\" data-min-size=\"1008x978\" data-min-size-url=\"https:\/\/s2.glbimg.com\/4IPpikF9v1j5FpahJYuizMl5diQ=\/0x185:720x884\/1008x0\/smart\/filters:strip_icc()\/i.s3.glbimg.com\/v1\/AUTH_59edd422c0c84a879bd37670ae4f538a\/internal_photos\/bs\/2020\/e\/Q\/UCtTDgRq2F5x0aBpUsLQ\/criancas-tem-usado-algool-em-gel-divertido-para-higienizar-maos-durante-pandemia-do-coronavirus.jpg\" data-max-size=\"1600x1553\" data-max-size-url=\"https:\/\/s2.glbimg.com\/GaLcI3jdsbiYP5E0ZyK7ShvK9rc=\/0x185:720x884\/1600x0\/smart\/filters:strip_icc()\/i.s3.glbimg.com\/v1\/AUTH_59edd422c0c84a879bd37670ae4f538a\/internal_photos\/bs\/2020\/e\/Q\/UCtTDgRq2F5x0aBpUsLQ\/criancas-tem-usado-algool-em-gel-divertido-para-higienizar-maos-durante-pandemia-do-coronavirus.jpg\" data-media-index=\"2\"><em>\u00a0(Fonte: G1\/Foto: Aline Goes\/Arquivo Pessoal)<\/em><\/div>\n<\/div>\n<\/div>\n<div class=\"row medium-uncollapsed content-media content-photo\" data-block-type=\"backstage-photo\" data-block-id=\"6\">\n<div class=\"mc-column content-media__container\">\n<div class=\"progressive-img can-open-lightbox\" data-min-size=\"1008x1341\" data-min-size-url=\"https:\/\/s2.glbimg.com\/8ftxKHXrV_lChnmNMQ0dUmfpwrg=\/0x0:962x1280\/1008x0\/smart\/filters:strip_icc()\/i.s3.glbimg.com\/v1\/AUTH_59edd422c0c84a879bd37670ae4f538a\/internal_photos\/bs\/2020\/J\/L\/ThkqKMTzOmGe0FAGtXAg\/thomaz-e-bia-de-9-e-4-anos-estao-mantendo-distanciamento-social-da-bisa-neusa.jpg\" data-max-size=\"1600x2128\" data-max-size-url=\"https:\/\/s2.glbimg.com\/idYpcnDtPPRCTJxCQ9Omvg1kLXI=\/0x0:962x1280\/1600x0\/smart\/filters:strip_icc()\/i.s3.glbimg.com\/v1\/AUTH_59edd422c0c84a879bd37670ae4f538a\/internal_photos\/bs\/2020\/J\/L\/ThkqKMTzOmGe0FAGtXAg\/thomaz-e-bia-de-9-e-4-anos-estao-mantendo-distanciamento-social-da-bisa-neusa.jpg\" data-media-index=\"1\"><\/div>\n<\/div>\n<\/div>\n<\/div>\n<\/div>\n","protected":false},"excerpt":{"rendered":"<p>Por causa da pandemia do coronav\u00edrus, crian\u00e7as t\u00eam mantido distanciamento de bisav\u00f3 <\/p>\n","protected":false},"author":13,"featured_media":50534,"comment_status":"closed","ping_status":"closed","sticky":false,"template":"","format":"standard","meta":{"footnotes":""},"categories":[1,2839],"tags":[6507,6342],"class_list":["post-50533","post","type-post","status-publish","format-standard","has-post-thumbnail","hentry","category-noticias","category-saude","tag-isolamento-social","tag-novo-coronavirus"],"_links":{"self":[{"href":"https:\/\/tvtecjundiai.com.br\/news\/wp-json\/wp\/v2\/posts\/50533","targetHints":{"allow":["GET"]}}],"collection":[{"href":"https:\/\/tvtecjundiai.com.br\/news\/wp-json\/wp\/v2\/posts"}],"about":[{"href":"https:\/\/tvtecjundiai.com.br\/news\/wp-json\/wp\/v2\/types\/post"}],"author":[{"embeddable":true,"href":"https:\/\/tvtecjundiai.com.br\/news\/wp-json\/wp\/v2\/users\/13"}],"replies":[{"embeddable":true,"href":"https:\/\/tvtecjundiai.com.br\/news\/wp-json\/wp\/v2\/comments?post=50533"}],"version-history":[{"count":1,"href":"https:\/\/tvtecjundiai.com.br\/news\/wp-json\/wp\/v2\/posts\/50533\/revisions"}],"predecessor-version":[{"id":50535,"href":"https:\/\/tvtecjundiai.com.br\/news\/wp-json\/wp\/v2\/posts\/50533\/revisions\/50535"}],"wp:featuredmedia":[{"embeddable":true,"href":"https:\/\/tvtecjundiai.com.br\/news\/wp-json\/wp\/v2\/media\/50534"}],"wp:attachment":[{"href":"https:\/\/tvtecjundiai.com.br\/news\/wp-json\/wp\/v2\/media?parent=50533"}],"wp:term":[{"taxonomy":"category","embeddable":true,"href":"https:\/\/tvtecjundiai.com.br\/news\/wp-json\/wp\/v2\/categories?post=50533"},{"taxonomy":"post_tag","embeddable":true,"href":"https:\/\/tvtecjundiai.com.br\/news\/wp-json\/wp\/v2\/tags?post=50533"}],"curies":[{"name":"wp","href":"https:\/\/api.w.org\/{rel}","templated":true}]}}