{"id":50668,"date":"2020-04-05T10:13:06","date_gmt":"2020-04-05T13:13:06","guid":{"rendered":"https:\/\/tvtecjundiai.com.br\/news\/?p=50668"},"modified":"2020-04-05T10:13:06","modified_gmt":"2020-04-05T13:13:06","slug":"comite-das-criancas-tera-reunioes-virtuais-semanais-com-gestor-de-cultura","status":"publish","type":"post","link":"https:\/\/tvtecjundiai.com.br\/news\/2020\/04\/05\/comite-das-criancas-tera-reunioes-virtuais-semanais-com-gestor-de-cultura\/","title":{"rendered":"Comit\u00ea das Crian\u00e7as ter\u00e1 reuni\u00f5es virtuais semanais com gestor de Cultura"},"content":{"rendered":"<p>A primeira reuni\u00e3o de 2020 dos meninos e meninas que comp\u00f5em o Comit\u00ea das Crian\u00e7as, que pertence ao projeto \u201cJundia\u00ed Cidade das Crian\u00e7as\u201d, da Prefeitura de Jundia\u00ed, foi realizada neste s\u00e1bado (4) no formato de videoconfer\u00eancia. A iniciativa, na qual alunos da Rede Municipal de Ensino apresentam ao prefeito Luiz Fernando Machado propostas sobre o futuro da cidade em que elas querem viver, contou com grande ades\u00e3o por parte da garotada, mesmo n\u00e3o tendo sido presencial, pelo isolamento social preventivo para conter o cont\u00e1gio do Novo Coronav\u00edrus (COVID-19).<\/p>\n<div id=\"attachment_50669\" style=\"width: 473px\" class=\"wp-caption alignright\"><img loading=\"lazy\" decoding=\"async\" aria-describedby=\"caption-attachment-50669\" class=\"wp-image-50669\" src=\"https:\/\/tvtecjundiai.com.br\/news\/wp-content\/uploads\/sites\/2\/2020\/04\/videoconferencia-cultura-cidade-das-criancas_c_-9-300x192.jpg\" alt=\"\" width=\"463\" height=\"296\" srcset=\"https:\/\/tvtecjundiai.com.br\/news\/wp-content\/uploads\/sites\/2\/2020\/04\/videoconferencia-cultura-cidade-das-criancas_c_-9-300x192.jpg 300w, https:\/\/tvtecjundiai.com.br\/news\/wp-content\/uploads\/sites\/2\/2020\/04\/videoconferencia-cultura-cidade-das-criancas_c_-9-768x491.jpg 768w, https:\/\/tvtecjundiai.com.br\/news\/wp-content\/uploads\/sites\/2\/2020\/04\/videoconferencia-cultura-cidade-das-criancas_c_-9.jpg 1077w\" sizes=\"auto, (max-width: 463px) 100vw, 463px\" \/><p id=\"caption-attachment-50669\" class=\"wp-caption-text\">Gestor Marcelo Peroni comandou videoconfer\u00eancia com 22 meninos e meninas do Comit\u00ea das Crian\u00e7as<\/p><\/div>\n<p>Segundo o gestor da Unidade de Gest\u00e3o de Cultura (UGC) de Jundia\u00ed, Marcelo Peroni, que comandou o bate-papo virtual, o interesse dos alunos em participar foi t\u00e3o grande que, atendendo a um pedido deles, o Comit\u00ea far\u00e1 encontros semanais pela internet, e n\u00e3o mais mensais, sempre aos s\u00e1bados, \u00e0s 10h. \u201cDas 26 crian\u00e7as que est\u00e3o no projeto este ano, 22 se conectaram, um ato de cidadania importante desta nova gera\u00e7\u00e3o\u201d, destacou.<\/p>\n<p>Marcelo continuou dizendo que a videoconfer\u00eancia foi, na verdade, uma reuni\u00e3o a dist\u00e2ncia para que os alunos se apresentassem uns aos outros. \u201cFoi muito bom ouvir deles que a garotada quer esta troca de ideias mais vezes, mesmo em tempo de quarentena. Os participantes demonstraram o que est\u00e3o sentindo, que querem participar da vida da cidade, principalmente do bairro em que moram, e que desejam integrar o comit\u00ea\u201d, acrescentou o gestor.<\/p>\n<p>Os alunos pediram e foram atendidos quanto ao recebimento de informa\u00e7\u00f5es sobre o enfrentamento ao Coronav\u00edrus feito pela Prefeitura de Jundia\u00ed, atrav\u00e9s do Centro de Enfrentamento (CEC) comandado pelo prefeito Luiz Fernando Machado. \u201cEles ainda me pediram mais atividades culturais e da escola para fazer em casa. Acabaram recebendo links do conte\u00fado pedag\u00f3gico da Unidade de Gest\u00e3o de Educa\u00e7\u00e3o (UGE) e da \u2018live\u2019 do prefeito feita neste s\u00e1bado, anunciando novas medidas de combate \u00e0 COVID-19. A videoconfer\u00eancia durou uma hora e meia e foi bastante din\u00e2mica\u201d, completou Marcelo Peroni.<\/p>\n","protected":false},"excerpt":{"rendered":"<p>A primeira reuni\u00e3o de 2020 for realizada nesse s\u00e1bado, 4 de abril<\/p>\n","protected":false},"author":8,"featured_media":50669,"comment_status":"closed","ping_status":"closed","sticky":false,"template":"","format":"standard","meta":{"footnotes":""},"categories":[2834,2833,1,2839],"tags":[6523],"class_list":["post-50668","post","type-post","status-publish","format-standard","has-post-thumbnail","hentry","category-cidades","category-cultura","category-noticias","category-saude","tag-comite-das-criancas-e-o-coronavirus"],"_links":{"self":[{"href":"https:\/\/tvtecjundiai.com.br\/news\/wp-json\/wp\/v2\/posts\/50668","targetHints":{"allow":["GET"]}}],"collection":[{"href":"https:\/\/tvtecjundiai.com.br\/news\/wp-json\/wp\/v2\/posts"}],"about":[{"href":"https:\/\/tvtecjundiai.com.br\/news\/wp-json\/wp\/v2\/types\/post"}],"author":[{"embeddable":true,"href":"https:\/\/tvtecjundiai.com.br\/news\/wp-json\/wp\/v2\/users\/8"}],"replies":[{"embeddable":true,"href":"https:\/\/tvtecjundiai.com.br\/news\/wp-json\/wp\/v2\/comments?post=50668"}],"version-history":[{"count":1,"href":"https:\/\/tvtecjundiai.com.br\/news\/wp-json\/wp\/v2\/posts\/50668\/revisions"}],"predecessor-version":[{"id":50670,"href":"https:\/\/tvtecjundiai.com.br\/news\/wp-json\/wp\/v2\/posts\/50668\/revisions\/50670"}],"wp:featuredmedia":[{"embeddable":true,"href":"https:\/\/tvtecjundiai.com.br\/news\/wp-json\/wp\/v2\/media\/50669"}],"wp:attachment":[{"href":"https:\/\/tvtecjundiai.com.br\/news\/wp-json\/wp\/v2\/media?parent=50668"}],"wp:term":[{"taxonomy":"category","embeddable":true,"href":"https:\/\/tvtecjundiai.com.br\/news\/wp-json\/wp\/v2\/categories?post=50668"},{"taxonomy":"post_tag","embeddable":true,"href":"https:\/\/tvtecjundiai.com.br\/news\/wp-json\/wp\/v2\/tags?post=50668"}],"curies":[{"name":"wp","href":"https:\/\/api.w.org\/{rel}","templated":true}]}}