{"id":50698,"date":"2020-04-06T11:42:28","date_gmt":"2020-04-06T14:42:28","guid":{"rendered":"https:\/\/tvtecjundiai.com.br\/news\/?p=50698"},"modified":"2020-04-06T11:42:14","modified_gmt":"2020-04-06T14:42:14","slug":"brasil-registra-11-298-infectados-e-489-mortos-por-covid-19","status":"publish","type":"post","link":"https:\/\/tvtecjundiai.com.br\/news\/2020\/04\/06\/brasil-registra-11-298-infectados-e-489-mortos-por-covid-19\/","title":{"rendered":"Brasil registra 11.450 infectados e 492 mortos por Covid-19"},"content":{"rendered":"<div class=\"mc-column content-text active-extra-styles \" data-block-type=\"unstyled\" data-block-weight=\"37\" data-block-id=\"2\">\n<div id=\"attachment_50700\" style=\"width: 473px\" class=\"wp-caption alignright\"><a href=\"https:\/\/tvtecjundiai.com.br\/news\/wp-content\/uploads\/sites\/2\/2020\/04\/1-3.jpg\"><img loading=\"lazy\" decoding=\"async\" aria-describedby=\"caption-attachment-50700\" class=\"wp-image-50700\" src=\"https:\/\/tvtecjundiai.com.br\/news\/wp-content\/uploads\/sites\/2\/2020\/04\/1-3-300x169.jpg\" alt=\"\" width=\"463\" height=\"261\" srcset=\"https:\/\/tvtecjundiai.com.br\/news\/wp-content\/uploads\/sites\/2\/2020\/04\/1-3-300x169.jpg 300w, https:\/\/tvtecjundiai.com.br\/news\/wp-content\/uploads\/sites\/2\/2020\/04\/1-3.jpg 660w\" sizes=\"auto, (max-width: 463px) 100vw, 463px\" \/><\/a><p id=\"caption-attachment-50700\" class=\"wp-caption-text\">Atraso na confirma\u00e7\u00e3o dos n\u00fameros pode dificultar combate ao coronav\u00edrus<\/p><\/div>\n<div class=\"mc-column content-text active-extra-styles \" data-block-type=\"unstyled\" data-block-weight=\"37\" data-block-id=\"2\">\n<p class=\"content-text__container \" data-track-category=\"Link no Texto\" data-track-links=\"\">As secretarias estaduais de Sa\u00fade divulgaram, at\u00e9 as 11h desta segunda-feira (6),\u00a011.450 casos confirmados do\u00a0novo coronav\u00edrus (Sars-Cov-2)\u00a0no Brasil, com\u00a0492 mortes pela Covid-19.\u00a0Apenas dois estados ainda n\u00e3o registraram mortes: Acre e Tocantins.<\/p>\n<\/div>\n<div class=\"wall protected-content\">\n<div class=\"mc-column content-text active-extra-styles \" data-block-type=\"unstyled\" data-block-weight=\"27\" data-block-id=\"3\">\n<p class=\"content-text__container \" data-track-category=\"Link no Texto\" data-track-links=\"\">O\u00a0estado do Cear\u00e1 confirmou na manh\u00e3 de hoje que 34 munic\u00edpios do estado t\u00eam casos confirmados\u00a0da doen\u00e7a, e o n\u00famero de infectados chegou a 976.<\/p>\n<\/div>\n<div class=\"mc-column content-text active-extra-styles \" data-block-type=\"unstyled\" data-block-weight=\"23\" data-block-id=\"4\">\n<p class=\"content-text__container \" data-track-category=\"Link no Texto\" data-track-links=\"\">O\u00a0Amazonas alcan\u00e7ou 16 mortes, a \u00faltima delas de um homem de 71 anos. A\u00a0Bahia confirmou a d\u00e9cima morte no estado.<\/p>\n<\/div>\n<div class=\"mc-column content-text active-extra-styles \" data-block-type=\"unstyled\" data-block-weight=\"33\" data-block-id=\"5\">\n<p class=\"content-text__container \" data-track-category=\"Link no Texto\" data-track-links=\"\">Na noite de domingo (5), o\u00a0Par\u00e1 registrou mais casos e a segunda morte pela doen\u00e7a, uma mulher de 50 anos que morava em Bel\u00e9m. N\u00e3o h\u00e1 informa\u00e7\u00f5es se ela tinha doen\u00e7a preexistente.<\/p>\n<\/div>\n<div class=\"mc-column content-text active-extra-styles \" data-block-type=\"unstyled\" data-block-weight=\"21\" data-block-id=\"6\">\n<p class=\"content-text__container \" data-track-category=\"Link no Texto\" data-track-links=\"\">Nesta manh\u00e3, o Amap\u00e1 confirmou mais um caso e contabiliza 32 infectados e duas mortes em todo o estado. Um boletim epidemiol\u00f3gico feito pelo Minist\u00e9rio da Sa\u00fade na sexta (3)\u00a0diz que Distrito Federal, S\u00e3o Paulo, Cear\u00e1, Rio de Janeiro e Amazonas podem estar na\u00a0transi\u00e7\u00e3o para uma fase de acelera\u00e7\u00e3o descontrolada da pandemia.<\/p>\n<\/div>\n<\/div>\n<\/div>\n<div class=\"wall protected-content\">\n<div class=\"mc-column content-text active-extra-styles \" data-block-type=\"unstyled\" data-block-weight=\"33\" data-block-id=\"3\">\n<div class=\"mc-column content-text active-extra-styles \" data-block-type=\"unstyled\" data-block-weight=\"36\" data-block-id=\"5\">\n<p data-track-category=\"Link no Texto\" data-track-links=\"\"><em>(Fonte: G1\/Foto: BBC)<\/em><\/p>\n<\/div>\n<\/div>\n<\/div>\n","protected":false},"excerpt":{"rendered":"<p>Atraso na confirma\u00e7\u00e3o dos n\u00fameros pode dificultar combate ao coronav\u00edrus<\/p>\n","protected":false},"author":13,"featured_media":50700,"comment_status":"closed","ping_status":"closed","sticky":false,"template":"","format":"standard","meta":{"footnotes":""},"categories":[1,2839],"tags":[1903,6526],"class_list":["post-50698","post","type-post","status-publish","format-standard","has-post-thumbnail","hentry","category-noticias","category-saude","tag-brasil","tag-novocoronavirus"],"_links":{"self":[{"href":"https:\/\/tvtecjundiai.com.br\/news\/wp-json\/wp\/v2\/posts\/50698","targetHints":{"allow":["GET"]}}],"collection":[{"href":"https:\/\/tvtecjundiai.com.br\/news\/wp-json\/wp\/v2\/posts"}],"about":[{"href":"https:\/\/tvtecjundiai.com.br\/news\/wp-json\/wp\/v2\/types\/post"}],"author":[{"embeddable":true,"href":"https:\/\/tvtecjundiai.com.br\/news\/wp-json\/wp\/v2\/users\/13"}],"replies":[{"embeddable":true,"href":"https:\/\/tvtecjundiai.com.br\/news\/wp-json\/wp\/v2\/comments?post=50698"}],"version-history":[{"count":3,"href":"https:\/\/tvtecjundiai.com.br\/news\/wp-json\/wp\/v2\/posts\/50698\/revisions"}],"predecessor-version":[{"id":50752,"href":"https:\/\/tvtecjundiai.com.br\/news\/wp-json\/wp\/v2\/posts\/50698\/revisions\/50752"}],"wp:featuredmedia":[{"embeddable":true,"href":"https:\/\/tvtecjundiai.com.br\/news\/wp-json\/wp\/v2\/media\/50700"}],"wp:attachment":[{"href":"https:\/\/tvtecjundiai.com.br\/news\/wp-json\/wp\/v2\/media?parent=50698"}],"wp:term":[{"taxonomy":"category","embeddable":true,"href":"https:\/\/tvtecjundiai.com.br\/news\/wp-json\/wp\/v2\/categories?post=50698"},{"taxonomy":"post_tag","embeddable":true,"href":"https:\/\/tvtecjundiai.com.br\/news\/wp-json\/wp\/v2\/tags?post=50698"}],"curies":[{"name":"wp","href":"https:\/\/api.w.org\/{rel}","templated":true}]}}