{"id":50699,"date":"2020-04-06T12:14:28","date_gmt":"2020-04-06T15:14:28","guid":{"rendered":"https:\/\/tvtecjundiai.com.br\/news\/?p=50699"},"modified":"2020-04-06T12:22:19","modified_gmt":"2020-04-06T15:22:19","slug":"boletim-tvtec-mostra-mudancas-no-calendario-da-educacao-municipal-de-jundiai","status":"publish","type":"post","link":"https:\/\/tvtecjundiai.com.br\/news\/2020\/04\/06\/boletim-tvtec-mostra-mudancas-no-calendario-da-educacao-municipal-de-jundiai\/","title":{"rendered":"Boletim TVTEC mostra mudan\u00e7as no calend\u00e1rio da Educa\u00e7\u00e3o municipal de Jundia\u00ed"},"content":{"rendered":"<p>A primeira edi\u00e7\u00e3o do <strong>Boletim da TVTEC<\/strong> , \u00e0s 11h30, pelas redes sociais e canal 24 da NET, trouxe os n\u00fameros mais recentes do coronav\u00edrus no mundo, no Brasil e em Jundia\u00ed, onde o <a href=\"https:\/\/jundiai.sp.gov.br\/coronavirus\/\" target=\"_blank\" rel=\"noopener noreferrer\"><strong>Informe Epidemiol\u00f3gico<\/strong><\/a> \u00e9 atualizado no final da tarde. Trouxe tamb\u00e9m a mudan\u00e7a anunciada no calend\u00e1rio escolar, no s\u00e1bado (4), pelo prefeito Luiz Fernando Machado, al\u00e9m da prorroga\u00e7\u00e3o da quarentena por mais dez dias no munic\u00edpio, em raz\u00e3o do crescimento constante no volume de interna\u00e7\u00e3o dos hospitais da cidade porque ainda est\u00e1 havendo volume enorme de aglomera\u00e7\u00f5es em muitos lugares da cidade para praticar atividades f\u00edsicas. Mostrou ainda uma profissional do setor privado de Educa\u00e7\u00e3o, revelando como enfrenta a pandemia; uma entrevista com o gestor de Agroneg\u00f3cios, Eduardo Alvares, recomendando o consumo da safra agr\u00edcola local e uma entrevista falando sobre empreendedorismo na quarentena.<\/p>\n<p>Foi mostrado ainda parte do pronunciamento do prefeito em que anunciou o envio de projeto de Lei \u00e0 C\u00e2mara para reduzir os sal\u00e1rios dele e dos secret\u00e1rios (gestores) (30%), dos secret\u00e1rios-adjuntos e diretores (20%), e de assessores dos escal\u00f5es inferiores (10% e 5%). O Boletim trouxe tamb\u00e9m a fala do vereador, Faouaz Taha, declarando que a C\u00e2mara decidiu tamb\u00e9m reduzir os sal\u00e1rios dos vereadores em 30%, enquanto durar a pandemia.<\/p>\n<p>A empres\u00e1ria Val\u00e9ria Castiglione, do setor privada de Educa\u00e7\u00e3o (escolas particulares), falou sobre como est\u00e1 se fazendo para manter as aulas de modo continuado, em plataformas de Ensino \u00e0 Dist\u00e2ncia e como se est\u00e1 sendo organizado o calend\u00e1rio escolar. &#8220;O desafio foi ajustar a comunica\u00e7\u00e3o para as aulas ao vivo na internet&#8221;, explicou. &#8220;Primeiro os professores foram capacitados para n\u00e3o se perder a qualidade. Desde 4 de abril, iniciamos essas aulas. E o que acontece, nessa din\u00e2mica nova, \u00e9 a redu\u00e7\u00e3o da carga hor\u00e1ria&#8221;, emendou. Sobre o calend\u00e1rio, explicou que as aulas s\u00f3 voltar\u00e3o ao normal quando houver seguran\u00e7a total. &#8220;Estamos obedecendo as normas estabelecidas pelo prefeito para o munic\u00edpio&#8221;, acrescentou.<\/p>\n<p>O <strong>Boletim<\/strong> terminou mostrando uma not\u00edcia falsa sobre greve de caminhoneiros que est\u00e1 circulando pelo whatsapp. Trata-se de fakenews desmentido por representantes da categoria. Outra novidade anunciada pela TVTEC foi a de que o Boletim passa, a partir desta segunda-feira, a ter uma nova edi\u00e7\u00e3o \u00e0s 15 horas, passando assim para tr\u00eas edi\u00e7\u00f5es di\u00e1rias.<\/p>\n<p>https:\/\/www.facebook.com\/tvtecjundiai\/videos\/2838974739551143\/<\/p>\n","protected":false},"excerpt":{"rendered":"<p>O informativo mostrou o prefeito falando da prorroga\u00e7\u00e3o da quarentena na cidade<\/p>\n","protected":false},"author":8,"featured_media":50760,"comment_status":"closed","ping_status":"closed","sticky":false,"template":"","format":"standard","meta":{"footnotes":""},"categories":[2834,1,2839],"tags":[6532],"class_list":["post-50699","post","type-post","status-publish","format-standard","has-post-thumbnail","hentry","category-cidades","category-noticias","category-saude","tag-boletim-tvtec-6-de-abril-primeira-edicao"],"_links":{"self":[{"href":"https:\/\/tvtecjundiai.com.br\/news\/wp-json\/wp\/v2\/posts\/50699","targetHints":{"allow":["GET"]}}],"collection":[{"href":"https:\/\/tvtecjundiai.com.br\/news\/wp-json\/wp\/v2\/posts"}],"about":[{"href":"https:\/\/tvtecjundiai.com.br\/news\/wp-json\/wp\/v2\/types\/post"}],"author":[{"embeddable":true,"href":"https:\/\/tvtecjundiai.com.br\/news\/wp-json\/wp\/v2\/users\/8"}],"replies":[{"embeddable":true,"href":"https:\/\/tvtecjundiai.com.br\/news\/wp-json\/wp\/v2\/comments?post=50699"}],"version-history":[{"count":2,"href":"https:\/\/tvtecjundiai.com.br\/news\/wp-json\/wp\/v2\/posts\/50699\/revisions"}],"predecessor-version":[{"id":50762,"href":"https:\/\/tvtecjundiai.com.br\/news\/wp-json\/wp\/v2\/posts\/50699\/revisions\/50762"}],"wp:featuredmedia":[{"embeddable":true,"href":"https:\/\/tvtecjundiai.com.br\/news\/wp-json\/wp\/v2\/media\/50760"}],"wp:attachment":[{"href":"https:\/\/tvtecjundiai.com.br\/news\/wp-json\/wp\/v2\/media?parent=50699"}],"wp:term":[{"taxonomy":"category","embeddable":true,"href":"https:\/\/tvtecjundiai.com.br\/news\/wp-json\/wp\/v2\/categories?post=50699"},{"taxonomy":"post_tag","embeddable":true,"href":"https:\/\/tvtecjundiai.com.br\/news\/wp-json\/wp\/v2\/tags?post=50699"}],"curies":[{"name":"wp","href":"https:\/\/api.w.org\/{rel}","templated":true}]}}