{"id":50718,"date":"2020-04-06T10:41:13","date_gmt":"2020-04-06T13:41:13","guid":{"rendered":"https:\/\/tvtecjundiai.com.br\/news\/?p=50718"},"modified":"2020-04-06T10:41:13","modified_gmt":"2020-04-06T13:41:13","slug":"pediatra-ensina-como-fazer-mascara-de-protecao-com-materiais-simples","status":"publish","type":"post","link":"https:\/\/tvtecjundiai.com.br\/news\/2020\/04\/06\/pediatra-ensina-como-fazer-mascara-de-protecao-com-materiais-simples\/","title":{"rendered":"Pediatra ensina como fazer m\u00e1scara de prote\u00e7\u00e3o com materiais simples"},"content":{"rendered":"<p>As m\u00e1scaras cir\u00fargicas rapidamente se tornaram um dos primeiros acess\u00f3rios a ficarem escassos com a pandemia de Covid-19. O produto \u00e9 essencial para retardar a propaga\u00e7\u00e3o do\u00a0coronav\u00edrus\u00a0e, para aqueles que apresentaram os sintomas, \u00e9 um aliado para impedir que haja cont\u00e1gio acidental em locais p\u00fablicos.<\/p>\n<p>Ciente da escassez do produto no mercado, a pediatra Ana Maria Escobar, ensinou em um v\u00eddeo publicado pela Revista Crescer, como confeccionar uma m\u00e1scara com materiais simples:\u00a0pano multiuso de limpeza e dois el\u00e1sticos de cabelo.<\/p>\n<p>\u201cTodas as pessoas que tiverem que sair de casa devem usar uma m\u00e1scara\u201d, diz a m\u00e9dica. \u201cImportante dizer que at\u00e9 o dia de hoje, esta n\u00e3o \u00e9 a posi\u00e7\u00e3o oficial do Minist\u00e9rio da Sa\u00fade. No entanto, evid\u00eancias t\u00eam provado que o uso de m\u00e1scaras por pessoas que n\u00e3o est\u00e3o doentes, ou seja, est\u00e3o assintom\u00e1ticas \u2013 sem sintomas- pode ajudar a prote\u00e7\u00e3o de todos\u201d, continua.<\/p>\n<p>De acordo com a especialista, as m\u00e1scaras caseiras n\u00e3o s\u00e3o as ideais, mas s\u00e3o \u00fateis, \u201cdesde que tapem o nariz e a boca, n\u00e3o sejam tocadas pelas m\u00e3os durante o uso e sejam descartadas no lixo ap\u00f3s 2 horas ou se ficarem \u00famidas\u201d, afirma.<\/p>\n<p><iframe loading=\"lazy\" title=\"Coronav\u00edrus: Pediatra Ana Escobar ensina a improvisar m\u00e1scara com pano multi-uso de limpeza\" width=\"500\" height=\"281\" src=\"https:\/\/www.youtube.com\/embed\/W0DiRDKmliY?feature=oembed\" frameborder=\"0\" allow=\"accelerometer; autoplay; clipboard-write; encrypted-media; gyroscope; picture-in-picture; web-share\" referrerpolicy=\"strict-origin-when-cross-origin\" allowfullscreen><\/iframe><\/p>\n<p><em>(Fonte: Raz\u00f5es Para Acreditar\/Foto: Reprodu\u00e7\u00e3o)<\/em><\/p>\n","protected":false},"excerpt":{"rendered":"<p>O produto \u00e9 essencial para retardar a propaga\u00e7\u00e3o do\u00a0coronav\u00edrus<\/p>\n","protected":false},"author":13,"featured_media":50719,"comment_status":"closed","ping_status":"closed","sticky":false,"template":"","format":"standard","meta":{"footnotes":""},"categories":[1],"tags":[6497,6342],"class_list":["post-50718","post","type-post","status-publish","format-standard","has-post-thumbnail","hentry","category-noticias","tag-mascaras","tag-novo-coronavirus"],"_links":{"self":[{"href":"https:\/\/tvtecjundiai.com.br\/news\/wp-json\/wp\/v2\/posts\/50718","targetHints":{"allow":["GET"]}}],"collection":[{"href":"https:\/\/tvtecjundiai.com.br\/news\/wp-json\/wp\/v2\/posts"}],"about":[{"href":"https:\/\/tvtecjundiai.com.br\/news\/wp-json\/wp\/v2\/types\/post"}],"author":[{"embeddable":true,"href":"https:\/\/tvtecjundiai.com.br\/news\/wp-json\/wp\/v2\/users\/13"}],"replies":[{"embeddable":true,"href":"https:\/\/tvtecjundiai.com.br\/news\/wp-json\/wp\/v2\/comments?post=50718"}],"version-history":[{"count":1,"href":"https:\/\/tvtecjundiai.com.br\/news\/wp-json\/wp\/v2\/posts\/50718\/revisions"}],"predecessor-version":[{"id":50720,"href":"https:\/\/tvtecjundiai.com.br\/news\/wp-json\/wp\/v2\/posts\/50718\/revisions\/50720"}],"wp:featuredmedia":[{"embeddable":true,"href":"https:\/\/tvtecjundiai.com.br\/news\/wp-json\/wp\/v2\/media\/50719"}],"wp:attachment":[{"href":"https:\/\/tvtecjundiai.com.br\/news\/wp-json\/wp\/v2\/media?parent=50718"}],"wp:term":[{"taxonomy":"category","embeddable":true,"href":"https:\/\/tvtecjundiai.com.br\/news\/wp-json\/wp\/v2\/categories?post=50718"},{"taxonomy":"post_tag","embeddable":true,"href":"https:\/\/tvtecjundiai.com.br\/news\/wp-json\/wp\/v2\/tags?post=50718"}],"curies":[{"name":"wp","href":"https:\/\/api.w.org\/{rel}","templated":true}]}}