{"id":50729,"date":"2020-04-06T11:10:06","date_gmt":"2020-04-06T14:10:06","guid":{"rendered":"https:\/\/tvtecjundiai.com.br\/news\/?p=50729"},"modified":"2020-04-06T11:10:06","modified_gmt":"2020-04-06T14:10:06","slug":"padre-marcelo-rossi-faz-missa-com-fotos-de-profissionais-de-saude","status":"publish","type":"post","link":"https:\/\/tvtecjundiai.com.br\/news\/2020\/04\/06\/padre-marcelo-rossi-faz-missa-com-fotos-de-profissionais-de-saude\/","title":{"rendered":"Padre Marcelo Rossi faz missa com fotos de profissionais de sa\u00fade"},"content":{"rendered":"<div id=\"attachment_50735\" style=\"width: 460px\" class=\"wp-caption alignright\"><a href=\"https:\/\/tvtecjundiai.com.br\/news\/wp-content\/uploads\/sites\/2\/2020\/04\/not-proposal-23-696x362.jpg\"><img loading=\"lazy\" decoding=\"async\" aria-describedby=\"caption-attachment-50735\" class=\"wp-image-50735\" src=\"https:\/\/tvtecjundiai.com.br\/news\/wp-content\/uploads\/sites\/2\/2020\/04\/not-proposal-23-696x362-300x156.jpg\" alt=\"\" width=\"450\" height=\"234\" srcset=\"https:\/\/tvtecjundiai.com.br\/news\/wp-content\/uploads\/sites\/2\/2020\/04\/not-proposal-23-696x362-300x156.jpg 300w, https:\/\/tvtecjundiai.com.br\/news\/wp-content\/uploads\/sites\/2\/2020\/04\/not-proposal-23-696x362.jpg 696w\" sizes=\"auto, (max-width: 450px) 100vw, 450px\" \/><\/a><p id=\"caption-attachment-50735\" class=\"wp-caption-text\">Celebra\u00e7\u00e3o aconteceu no Santu\u00e1rio M\u00e3e de Deus na Avenida Interlagos<\/p><\/div>\n<p>No \u00faltimo domingo (5), o padre Marcelo Rossi celebrou sua tradicional missa aos domingos com uma homenagem a todos os profissionais de sa\u00fade que est\u00e3o na linha de frente no combate ao coronav\u00edrus.<\/p>\n<p>Durante a missa, Rossi andou por um enorme sal\u00e3o vazio e mostrou que cada cadeira tinha a foto de um profissional que trabalha em hospitais e postos de sa\u00fade. \u201c\u00c9 um misto de tristeza e f\u00e9 de que isso vai passar. Esperan\u00e7a. Quisemos fazer uma homenagem a esses profissionais que est\u00e3o na linha de frente. Estamos rezando por eles. Por todos, na verdade, mas por eles\u201d, declarou o padre.<\/p>\n<p>A celebra\u00e7\u00e3o foi transmitida ao vivo pela TV Globo e aconteceu no Santu\u00e1rio M\u00e3e de Deus na Avenida Interlagos, em Santo Amaro, Zona Sul de S\u00e3o Paulo. \u201cCom toda a prud\u00eancia, as portas do santu\u00e1rio fechadas, mas o cora\u00e7\u00e3o aberto. Que essa responsabilidade na semana santa nos una\u201d, finalizou.<\/p>\n<p><em>(Foto: Raz\u00f5es Para Acreditar\/Foto: Reprodu\u00e7\u00e3o TV Globo)<\/em><\/p>\n","protected":false},"excerpt":{"rendered":"<p>Celebra\u00e7\u00e3o aconteceu no Santu\u00e1rio M\u00e3e de Deus na Avenida Interlagos, em Santo Amaro (SP)<\/p>\n","protected":false},"author":13,"featured_media":50734,"comment_status":"closed","ping_status":"closed","sticky":false,"template":"","format":"standard","meta":{"footnotes":""},"categories":[1],"tags":[6530,6342],"class_list":["post-50729","post","type-post","status-publish","format-standard","has-post-thumbnail","hentry","category-noticias","tag-missa","tag-novo-coronavirus"],"_links":{"self":[{"href":"https:\/\/tvtecjundiai.com.br\/news\/wp-json\/wp\/v2\/posts\/50729","targetHints":{"allow":["GET"]}}],"collection":[{"href":"https:\/\/tvtecjundiai.com.br\/news\/wp-json\/wp\/v2\/posts"}],"about":[{"href":"https:\/\/tvtecjundiai.com.br\/news\/wp-json\/wp\/v2\/types\/post"}],"author":[{"embeddable":true,"href":"https:\/\/tvtecjundiai.com.br\/news\/wp-json\/wp\/v2\/users\/13"}],"replies":[{"embeddable":true,"href":"https:\/\/tvtecjundiai.com.br\/news\/wp-json\/wp\/v2\/comments?post=50729"}],"version-history":[{"count":1,"href":"https:\/\/tvtecjundiai.com.br\/news\/wp-json\/wp\/v2\/posts\/50729\/revisions"}],"predecessor-version":[{"id":50738,"href":"https:\/\/tvtecjundiai.com.br\/news\/wp-json\/wp\/v2\/posts\/50729\/revisions\/50738"}],"wp:featuredmedia":[{"embeddable":true,"href":"https:\/\/tvtecjundiai.com.br\/news\/wp-json\/wp\/v2\/media\/50734"}],"wp:attachment":[{"href":"https:\/\/tvtecjundiai.com.br\/news\/wp-json\/wp\/v2\/media?parent=50729"}],"wp:term":[{"taxonomy":"category","embeddable":true,"href":"https:\/\/tvtecjundiai.com.br\/news\/wp-json\/wp\/v2\/categories?post=50729"},{"taxonomy":"post_tag","embeddable":true,"href":"https:\/\/tvtecjundiai.com.br\/news\/wp-json\/wp\/v2\/tags?post=50729"}],"curies":[{"name":"wp","href":"https:\/\/api.w.org\/{rel}","templated":true}]}}