{"id":50758,"date":"2020-04-06T13:40:58","date_gmt":"2020-04-06T16:40:58","guid":{"rendered":"https:\/\/tvtecjundiai.com.br\/news\/?p=50758"},"modified":"2020-04-07T10:08:07","modified_gmt":"2020-04-07T13:08:07","slug":"moradora-de-jundiai-faz-acao-social-com-moradores-de-rua","status":"publish","type":"post","link":"https:\/\/tvtecjundiai.com.br\/news\/2020\/04\/06\/moradora-de-jundiai-faz-acao-social-com-moradores-de-rua\/","title":{"rendered":"Moradora de Jundia\u00ed faz a\u00e7\u00e3o social com moradores de rua"},"content":{"rendered":"<p>Francieli Marega, moradora do jardim Tamoio, chegou em Jundia\u00ed em 2018. Esposa de um gestor de sa\u00fade da UPA do Novo Horizonte, vem atuando de maneira solid\u00e1ria com alguns moradores de rua da cidade. &#8220;Quando cheguei em Jundia\u00ed e vi pessoas em situa\u00e7\u00e3o de rua, achei tudo aquilo tudo muito novo, eu n\u00e3o estava acostumada e passei a ficar incomodada. Um dia eu peguei 30 p\u00e3es com manteiga, uma garrafa com cinco litros de caf\u00e9 e levei at\u00e9 o Centro, pr\u00f3ximo \u00e0 loja Pernambucas. No dia fomos eu e minha filha. Fiquei t\u00e3o tocada que no dia seguinte resolvi fazer v\u00e1rias marmitinhas e levar novamente. N\u00e3o deu para quem quis!&#8221;, explica.<\/p>\n<div id=\"attachment_50771\" style=\"width: 492px\" class=\"wp-caption alignright\"><a href=\"https:\/\/tvtecjundiai.com.br\/news\/wp-content\/uploads\/sites\/2\/2020\/04\/1586189621894767.jpg\"><img loading=\"lazy\" decoding=\"async\" aria-describedby=\"caption-attachment-50771\" class=\"wp-image-50771\" src=\"https:\/\/tvtecjundiai.com.br\/news\/wp-content\/uploads\/sites\/2\/2020\/04\/1586189621894767-300x228.jpg\" alt=\"\" width=\"482\" height=\"367\" srcset=\"https:\/\/tvtecjundiai.com.br\/news\/wp-content\/uploads\/sites\/2\/2020\/04\/1586189621894767-300x228.jpg 300w, https:\/\/tvtecjundiai.com.br\/news\/wp-content\/uploads\/sites\/2\/2020\/04\/1586189621894767.jpg 670w\" sizes=\"auto, (max-width: 482px) 100vw, 482px\" \/><\/a><p id=\"caption-attachment-50771\" class=\"wp-caption-text\">Hoje, o caf\u00e9 da manh\u00e3 \u00e9 composto por: leite com chocolate, caf\u00e9, ch\u00e1, bolo, p\u00e3o com manteiga, \u00e1gua e frutas.<\/p><\/div>\n<p>As a\u00e7\u00f5es volunt\u00e1rias tiveram in\u00edcio pouco tempo ap\u00f3s a vinda do Tocantins. &#8220;Eu tenho um grupo do condom\u00ednio onde moro, no Trentino, e ali comentei que estava recolhendo doa\u00e7\u00f5es de manteiga, caf\u00e9, a\u00e7\u00facar e leite. No ato do momento eu acabei conseguindo arrecadar 12 litros. Levei todas as caixinhas de leite fria e fui misturando com caf\u00e9 e distribu\u00ed 100 p\u00e3es. Um pessoa do grupo foi repassando a ideia, compartilhando nas redes sociais e outras pessoas se disponibilizaram a me ajudar&#8221;.<\/p>\n<p>Em 2019, durante a comemora\u00e7\u00e3o de seu anivers\u00e1rio, Francieli se vestiu de palha\u00e7o, fez bolo, brigadeiro e saiu distribuindo os alimentos ao grupo. Hoje, o caf\u00e9 da manh\u00e3 \u00e9 composto por: leite com chocolate, caf\u00e9, ch\u00e1, bolo, p\u00e3o com manteiga, \u00e1gua e frutas.<\/p>\n<p>&#8220;A minha preocupa\u00e7\u00e3o sempre foi com o caf\u00e9 da manh\u00e3. Um dos moradores me avisou que no s\u00e1bado a noite, eles n\u00e3o tinham comida, com isso outras meninas se reuniram na prepara\u00e7\u00e3o de refei\u00e7\u00f5es tamb\u00e9m. Sempre que posso tamb\u00e9m antecipo as minhas a\u00e7\u00f5es&#8221;.<\/p>\n<p>No pr\u00f3ximo domingo, dia 12 de abril, \u00e0s 11 horas da manh\u00e3, Jundia\u00ed recebe o <em>1\u00ba Varal Solid\u00e1rio<\/em>, uma a\u00e7\u00e3o volunt\u00e1ria organizada em parceria com o grupo de Francieli, que leva o nomes de <em>&#8220;Abracando as ruas Jundia\u00ed&#8221;<\/em>, especialmente em meio \u00e0 pandemia do Covid-19 para as pessoas em situa\u00e7\u00e3o de rua. &#8220;Faremos no Centro da cidade, ali pertinho da Pernambucas. Vamos pendurar os lanches, sucos e cada morador vai poder pegar o seu kit. Com o isolamento social, todas as volunt\u00e1rias estar\u00e3o equipadas com luvas e m\u00e1scaras e n\u00e3o teremos contato direto com eles&#8221;, finaliza.<\/p>\n<p>Outras informa\u00e7\u00f5es para doa\u00e7\u00f5es podem ser feitas no n\u00famero: (12) 9910- 40304 e pelas Instagram Oficial do Projeto:<a href=\"https:\/\/www.instagram.com\/abracandoasruasjundiai\/\"> @abracandoasruasjundiai.<\/a><\/p>\n<p><em>(Texto: Caroline Ferreira\/Foto: Arquivo Pessoal)<\/em><\/p>\n<p>&nbsp;<\/p>\n<p>&nbsp;<\/p>\n","protected":false},"excerpt":{"rendered":"<p>No pr\u00f3ximo domingo, dia 12, acontece o Varal Solid\u00e1rio no Centro da cidade <\/p>\n","protected":false},"author":13,"featured_media":50774,"comment_status":"closed","ping_status":"closed","sticky":false,"template":"","format":"standard","meta":{"footnotes":""},"categories":[2834,1],"tags":[5],"class_list":["post-50758","post","type-post","status-publish","format-standard","has-post-thumbnail","hentry","category-cidades","category-noticias","tag-jundiai"],"_links":{"self":[{"href":"https:\/\/tvtecjundiai.com.br\/news\/wp-json\/wp\/v2\/posts\/50758","targetHints":{"allow":["GET"]}}],"collection":[{"href":"https:\/\/tvtecjundiai.com.br\/news\/wp-json\/wp\/v2\/posts"}],"about":[{"href":"https:\/\/tvtecjundiai.com.br\/news\/wp-json\/wp\/v2\/types\/post"}],"author":[{"embeddable":true,"href":"https:\/\/tvtecjundiai.com.br\/news\/wp-json\/wp\/v2\/users\/13"}],"replies":[{"embeddable":true,"href":"https:\/\/tvtecjundiai.com.br\/news\/wp-json\/wp\/v2\/comments?post=50758"}],"version-history":[{"count":6,"href":"https:\/\/tvtecjundiai.com.br\/news\/wp-json\/wp\/v2\/posts\/50758\/revisions"}],"predecessor-version":[{"id":50889,"href":"https:\/\/tvtecjundiai.com.br\/news\/wp-json\/wp\/v2\/posts\/50758\/revisions\/50889"}],"wp:featuredmedia":[{"embeddable":true,"href":"https:\/\/tvtecjundiai.com.br\/news\/wp-json\/wp\/v2\/media\/50774"}],"wp:attachment":[{"href":"https:\/\/tvtecjundiai.com.br\/news\/wp-json\/wp\/v2\/media?parent=50758"}],"wp:term":[{"taxonomy":"category","embeddable":true,"href":"https:\/\/tvtecjundiai.com.br\/news\/wp-json\/wp\/v2\/categories?post=50758"},{"taxonomy":"post_tag","embeddable":true,"href":"https:\/\/tvtecjundiai.com.br\/news\/wp-json\/wp\/v2\/tags?post=50758"}],"curies":[{"name":"wp","href":"https:\/\/api.w.org\/{rel}","templated":true}]}}