{"id":50776,"date":"2020-04-06T13:59:28","date_gmt":"2020-04-06T16:59:28","guid":{"rendered":"https:\/\/tvtecjundiai.com.br\/news\/?p=50776"},"modified":"2020-04-06T14:38:41","modified_gmt":"2020-04-06T17:38:41","slug":"papa-institui-fundo-para-ajudar-vitimas-de-pandemia","status":"publish","type":"post","link":"https:\/\/tvtecjundiai.com.br\/news\/2020\/04\/06\/papa-institui-fundo-para-ajudar-vitimas-de-pandemia\/","title":{"rendered":"Papa institui fundo para ajudar v\u00edtimas de pandemia"},"content":{"rendered":"<div id=\"attachment_50798\" style=\"width: 310px\" class=\"wp-caption alignright\"><img loading=\"lazy\" decoding=\"async\" aria-describedby=\"caption-attachment-50798\" class=\"wp-image-50798 size-medium\" src=\"https:\/\/tvtecjundiai.com.br\/news\/wp-content\/uploads\/sites\/2\/2020\/04\/2019-12-24t212215z-1993239009-rc2x1e9s35yp-rtrmadp-3-christmas-season-pope-eve-300x199.jpg\" alt=\"\" width=\"300\" height=\"199\" srcset=\"https:\/\/tvtecjundiai.com.br\/news\/wp-content\/uploads\/sites\/2\/2020\/04\/2019-12-24t212215z-1993239009-rc2x1e9s35yp-rtrmadp-3-christmas-season-pope-eve-300x199.jpg 300w, https:\/\/tvtecjundiai.com.br\/news\/wp-content\/uploads\/sites\/2\/2020\/04\/2019-12-24t212215z-1993239009-rc2x1e9s35yp-rtrmadp-3-christmas-season-pope-eve-768x509.jpg 768w, https:\/\/tvtecjundiai.com.br\/news\/wp-content\/uploads\/sites\/2\/2020\/04\/2019-12-24t212215z-1993239009-rc2x1e9s35yp-rtrmadp-3-christmas-season-pope-eve.jpg 1008w\" sizes=\"auto, (max-width: 300px) 100vw, 300px\" \/><p id=\"caption-attachment-50798\" class=\"wp-caption-text\">Ajuda ir\u00e1 para as \u00e1reas de miss\u00e3o atingidas pelo Coronav\u00edrus<\/p><\/div>\n<p>O papa Francisco instituiu nesta segunda-feira (6) um fundo de emerg\u00eancia para ajudar as \u00e1reas de miss\u00e3o atingidas pela pandemia do novo coronav\u00edrus (Sars-CoV-2) e fez uma doa\u00e7\u00e3o inicial de US$ 750 mil, o equivalente a R$ 4 milh\u00f5es, pela cota\u00e7\u00e3o atual.<\/p>\n<p>O fundo ser\u00e1 administrado pelas Obras Mission\u00e1rias Pontif\u00edcias e ajudar\u00e1 pessoas e comunidades das \u00e1reas mais desfavorecidas do mundo. &#8220;Em seu papel de evangeliza\u00e7\u00e3o, a Igreja sempre est\u00e1 na primeira linha contra as principais amea\u00e7as \u00e0 dignidade humana&#8221;, disse o prefeito da Congrega\u00e7\u00e3o para a Evangeliza\u00e7\u00e3o dos Povos, cardeal Luis Antonio Tagle.<\/p>\n<p>Segundo o presidente das Obras Mission\u00e1rias Pontif\u00edcias, arcebispo Giampietro Dal Toso, o fundo tem o objetivo de &#8220;apoiar a presen\u00e7a da Igreja&#8221; nos territ\u00f3rios de miss\u00e3o que sofrem com a pandemia. As Obras Mission\u00e1rias Pontif\u00edcias s\u00e3o o canal oficial de apoio do Papa a mais de 1,1 mil dioceses, sobretudo na \u00c1sia, na \u00c1frica, na Oceania e em parte da Amaz\u00f4nia. &#8220;Pe\u00e7o \u00e0s nossas Obras Mission\u00e1rias Pontif\u00edcias, presentes em cada diocese de todo o mundo, de fazer o poss\u00edvel para apoiar essa importante iniciativa do Santo Padre&#8221;, acrescentou o arcebispo Dal Toso.<\/p>\n<p>Desde o in\u00edcio da pandemia, Francisco j\u00e1 fez diversas doa\u00e7\u00f5es para ajudar doentes, incluindo 100 mil euros para a C\u00e1ritas, 60 mil euros para um hospital de Bergamo, um dos maiores focos de cont\u00e1gio na It\u00e1lia, e 30 respiradores para estruturas sanit\u00e1rias no pa\u00eds europeu. O novo coronav\u00edrus j\u00e1 contaminou cerca de 1,3 milh\u00e3o de pessoas no mundo e deixou mais de 70 mil mortos.<\/p>\n<p><em>(Fonte: UOL Not\u00edcias\/Metr\u00f3poles\/ Imagem: G1)<\/em><\/p>\n","protected":false},"excerpt":{"rendered":"<p>Fundo ajudar\u00e1 pessoas e comunidades das \u00e1reas mais desfavorecidas do mundo<\/p>\n","protected":false},"author":18,"featured_media":50798,"comment_status":"closed","ping_status":"closed","sticky":false,"template":"","format":"standard","meta":{"footnotes":""},"categories":[29,1],"tags":[1000,6242,6511,6534],"class_list":["post-50776","post","type-post","status-publish","format-standard","has-post-thumbnail","hentry","category-destaque","category-noticias","tag-caritas","tag-coronavirus","tag-pandemia","tag-papa"],"_links":{"self":[{"href":"https:\/\/tvtecjundiai.com.br\/news\/wp-json\/wp\/v2\/posts\/50776","targetHints":{"allow":["GET"]}}],"collection":[{"href":"https:\/\/tvtecjundiai.com.br\/news\/wp-json\/wp\/v2\/posts"}],"about":[{"href":"https:\/\/tvtecjundiai.com.br\/news\/wp-json\/wp\/v2\/types\/post"}],"author":[{"embeddable":true,"href":"https:\/\/tvtecjundiai.com.br\/news\/wp-json\/wp\/v2\/users\/18"}],"replies":[{"embeddable":true,"href":"https:\/\/tvtecjundiai.com.br\/news\/wp-json\/wp\/v2\/comments?post=50776"}],"version-history":[{"count":4,"href":"https:\/\/tvtecjundiai.com.br\/news\/wp-json\/wp\/v2\/posts\/50776\/revisions"}],"predecessor-version":[{"id":50799,"href":"https:\/\/tvtecjundiai.com.br\/news\/wp-json\/wp\/v2\/posts\/50776\/revisions\/50799"}],"wp:featuredmedia":[{"embeddable":true,"href":"https:\/\/tvtecjundiai.com.br\/news\/wp-json\/wp\/v2\/media\/50798"}],"wp:attachment":[{"href":"https:\/\/tvtecjundiai.com.br\/news\/wp-json\/wp\/v2\/media?parent=50776"}],"wp:term":[{"taxonomy":"category","embeddable":true,"href":"https:\/\/tvtecjundiai.com.br\/news\/wp-json\/wp\/v2\/categories?post=50776"},{"taxonomy":"post_tag","embeddable":true,"href":"https:\/\/tvtecjundiai.com.br\/news\/wp-json\/wp\/v2\/tags?post=50776"}],"curies":[{"name":"wp","href":"https:\/\/api.w.org\/{rel}","templated":true}]}}