{"id":50876,"date":"2020-04-07T09:28:07","date_gmt":"2020-04-07T12:28:07","guid":{"rendered":"https:\/\/tvtecjundiai.com.br\/news\/?p=50876"},"modified":"2020-04-07T09:28:07","modified_gmt":"2020-04-07T12:28:07","slug":"cia-de-teatro-produz-conteudos-para-as-criancas-na-quarentena-de-historias","status":"publish","type":"post","link":"https:\/\/tvtecjundiai.com.br\/news\/2020\/04\/07\/cia-de-teatro-produz-conteudos-para-as-criancas-na-quarentena-de-historias\/","title":{"rendered":"Cia. de Teatro produz conte\u00fados para as crian\u00e7as na &#8220;Quarentena de Hist\u00f3rias&#8221;"},"content":{"rendered":"<p>A Cia. de Teatro de Jundia\u00ed estreou nesta segunda-feira (06) a sua \u201cQuarentena de hist\u00f3rias\u201d, uma iniciativa que ir\u00e1 envolver todos os seus artistas na produ\u00e7\u00e3o di\u00e1ria de v\u00eddeos com conta\u00e7\u00f5es de hist\u00f3rias. Os conte\u00fados ser\u00e3o publicados de segunda a sexta-feira na\u00a0<a href=\"https:\/\/www.youtube.com\/playlist?list=PLy-QfdXb97PnEfM-ZdEwnWEkP6yfL8DbU\" target=\"_blank\" rel=\"noopener noreferrer\">playlist #FiqueEmCasaJundia\u00ed da Prefeitura no YouTube<\/a>\u00a0e no\u00a0<a href=\"https:\/\/cultura.jundiai.sp.gov.br\/fiqueemcasa-da-cultura\/\" target=\"_blank\" rel=\"noopener noreferrer\">site da Cultura<\/a>. Al\u00e9m dos artistas da companhia, \u00e0s sextas-feiras, ser\u00e1 a vez de artistas convidados e, nesta primeira semana, a contribui\u00e7\u00e3o de Iara Jamra, conhecida atriz de programas infantis da TV Cultura.<\/p>\n<div id=\"attachment_50877\" style=\"width: 472px\" class=\"wp-caption alignright\"><a href=\"https:\/\/tvtecjundiai.com.br\/news\/wp-content\/uploads\/sites\/2\/2020\/04\/1-4.jpg\"><img loading=\"lazy\" decoding=\"async\" aria-describedby=\"caption-attachment-50877\" class=\" wp-image-50877\" src=\"https:\/\/tvtecjundiai.com.br\/news\/wp-content\/uploads\/sites\/2\/2020\/04\/1-4-300x200.jpg\" alt=\"\" width=\"462\" height=\"308\" srcset=\"https:\/\/tvtecjundiai.com.br\/news\/wp-content\/uploads\/sites\/2\/2020\/04\/1-4-300x200.jpg 300w, https:\/\/tvtecjundiai.com.br\/news\/wp-content\/uploads\/sites\/2\/2020\/04\/1-4-768x512.jpg 768w, https:\/\/tvtecjundiai.com.br\/news\/wp-content\/uploads\/sites\/2\/2020\/04\/1-4-1200x800.jpg 1200w, https:\/\/tvtecjundiai.com.br\/news\/wp-content\/uploads\/sites\/2\/2020\/04\/1-4.jpg 1280w\" sizes=\"auto, (max-width: 462px) 100vw, 462px\" \/><\/a><p id=\"caption-attachment-50877\" class=\"wp-caption-text\">Conte\u00fados di\u00e1rios ser\u00e3o produzidos pelos artistas da companhia, com as participa\u00e7\u00f5es especiais de convidados \u00e0s sextas-feiras<\/p><\/div>\n<p>Sob a dire\u00e7\u00e3o de Carla Candiotto, diretora art\u00edstica da companhia, o v\u00eddeo de estreia nessa segunda-feira (06) foi \u201cMorangotango\u201d, que conta a hist\u00f3ria de dois morangos que aproveitam a tarde de uma sexta-feira fresca para dan\u00e7ar.<\/p>\n<p>O gestor da Unidade de Gest\u00e3o de Cultura (UGC), Marcelo Peroni, ressalta a import\u00e2ncia da iniciativa para o momento. \u201cCom a \u2018Quarentena de hist\u00f3rias\u2019, a Cia. de Teatro faz a sua estreia na temporada 2020, com um material de excelente qualidade t\u00e9cnica, art\u00edstica e de conte\u00fado. Os corpos art\u00edsticos, que sempre enriqueceram o calend\u00e1rio municipal de eventos, agora tamb\u00e9m contribuem com mais op\u00e7\u00f5es de atividades para que os artistas e mun\u00edcipes possam passar com qualidade este per\u00edodo de reclus\u00e3o dom\u00e9stica, e somam seus esfor\u00e7os ao da Prefeitura na constru\u00e7\u00e3o de uma Jundia\u00ed \u2018Cidade das Crian\u00e7as&#8217;\u201d.<\/p>\n<p>Al\u00e9m da Cia. de Teatro, s\u00e3o tamb\u00e9m corpos art\u00edsticos ligados \u00e0 UGC a Cia. Jovem de Dan\u00e7a, o Coral Municipal e a Orquestra Municipal, que est\u00e3o tamb\u00e9m disponibilizando seus espet\u00e1culos, apresenta\u00e7\u00f5es e aulas no canal.<\/p>\n<p><strong>#FiqueEmCasaJundia\u00ed<\/strong><br \/>\nA playlist da Prefeitura traz ainda v\u00eddeos com conte\u00fados como v\u00eddeos de pr\u00e1ticas esportivas e integrativas, disponibilizados pelos profissionais das Unidades de Gest\u00e3o de Esporte e Lazer (UGEL) e de Promo\u00e7\u00e3o da Sa\u00fade (UGPS); receitas de del\u00edcias gastron\u00f4micas dos restaurantes que integram as Rotas Tur\u00edsticas do Munic\u00edpio; dicas de artes\u00e3os do programa Jundia\u00ed feito \u00e0 M\u00e3o, da Unidade de Gest\u00e3o de Agroneg\u00f3cio, Abastecimento e Turismo (UGAAT); al\u00e9m de dicas de jardinagem, com os profissionais da Unidade de Desenvolvimento Ambiental (Unidam), ligada \u00e0 Unidade de Gest\u00e3o de Planejamento Urbano e Meio Ambiente (UGPUMA).<\/p>\n<p><em>(Fonte\/Foto: Prefeitura de Jundia\u00ed)<\/em><\/p>\n","protected":false},"excerpt":{"rendered":"<p>Conte\u00fados di\u00e1rios ser\u00e3o produzidos pelos artistas da companhia <\/p>\n","protected":false},"author":13,"featured_media":50877,"comment_status":"closed","ping_status":"closed","sticky":false,"template":"","format":"standard","meta":{"footnotes":""},"categories":[2834,2833,1],"tags":[6549,6550],"class_list":["post-50876","post","type-post","status-publish","format-standard","has-post-thumbnail","hentry","category-cidades","category-cultura","category-noticias","tag-cia-de-teatro","tag-quarentena-de-historias"],"_links":{"self":[{"href":"https:\/\/tvtecjundiai.com.br\/news\/wp-json\/wp\/v2\/posts\/50876","targetHints":{"allow":["GET"]}}],"collection":[{"href":"https:\/\/tvtecjundiai.com.br\/news\/wp-json\/wp\/v2\/posts"}],"about":[{"href":"https:\/\/tvtecjundiai.com.br\/news\/wp-json\/wp\/v2\/types\/post"}],"author":[{"embeddable":true,"href":"https:\/\/tvtecjundiai.com.br\/news\/wp-json\/wp\/v2\/users\/13"}],"replies":[{"embeddable":true,"href":"https:\/\/tvtecjundiai.com.br\/news\/wp-json\/wp\/v2\/comments?post=50876"}],"version-history":[{"count":1,"href":"https:\/\/tvtecjundiai.com.br\/news\/wp-json\/wp\/v2\/posts\/50876\/revisions"}],"predecessor-version":[{"id":50878,"href":"https:\/\/tvtecjundiai.com.br\/news\/wp-json\/wp\/v2\/posts\/50876\/revisions\/50878"}],"wp:featuredmedia":[{"embeddable":true,"href":"https:\/\/tvtecjundiai.com.br\/news\/wp-json\/wp\/v2\/media\/50877"}],"wp:attachment":[{"href":"https:\/\/tvtecjundiai.com.br\/news\/wp-json\/wp\/v2\/media?parent=50876"}],"wp:term":[{"taxonomy":"category","embeddable":true,"href":"https:\/\/tvtecjundiai.com.br\/news\/wp-json\/wp\/v2\/categories?post=50876"},{"taxonomy":"post_tag","embeddable":true,"href":"https:\/\/tvtecjundiai.com.br\/news\/wp-json\/wp\/v2\/tags?post=50876"}],"curies":[{"name":"wp","href":"https:\/\/api.w.org\/{rel}","templated":true}]}}