{"id":51011,"date":"2020-04-08T10:23:24","date_gmt":"2020-04-08T13:23:24","guid":{"rendered":"https:\/\/tvtecjundiai.com.br\/news\/?p=51011"},"modified":"2020-04-08T12:32:36","modified_gmt":"2020-04-08T15:32:36","slug":"ambev-doara-3-milhoes-de-mascaras-feitas-com-pet-para-profissionais-de-saude","status":"publish","type":"post","link":"https:\/\/tvtecjundiai.com.br\/news\/2020\/04\/08\/ambev-doara-3-milhoes-de-mascaras-feitas-com-pet-para-profissionais-de-saude\/","title":{"rendered":"Ambev doar\u00e1 3 milh\u00f5es de m\u00e1scaras feitas com PET para profissionais de sa\u00fade"},"content":{"rendered":"<p>O Minist\u00e9rio da Sa\u00fade receber\u00e1 uma doa\u00e7\u00e3o de tr\u00eas milh\u00f5es de m\u00e1scaras do tipo &#8220;face shield&#8221;, que cobrem o rosto todo, enviadas pela Ambev. A produ\u00e7\u00e3o dos equipamentos come\u00e7a na pr\u00f3xima quinta-feira (9). Devem ser fabricadas cerca de 100 mil m\u00e1scaras por dia e a mat\u00e9ria-prima utilizada ser\u00e1 o PET, mesmo material utilizado nas embalagens de refrigerante.<\/p>\n<div id=\"attachment_51060\" style=\"width: 510px\" class=\"wp-caption alignright\"><a href=\"https:\/\/tvtecjundiai.com.br\/news\/wp-content\/uploads\/sites\/2\/2020\/04\/mascara-pet-coronavirus-ambev-1024x576-1-696x392.jpeg\"><img loading=\"lazy\" decoding=\"async\" aria-describedby=\"caption-attachment-51060\" class=\"wp-image-51060\" src=\"https:\/\/tvtecjundiai.com.br\/news\/wp-content\/uploads\/sites\/2\/2020\/04\/mascara-pet-coronavirus-ambev-1024x576-1-696x392.jpeg\" alt=\"\" width=\"500\" height=\"282\" srcset=\"https:\/\/tvtecjundiai.com.br\/news\/wp-content\/uploads\/sites\/2\/2020\/04\/mascara-pet-coronavirus-ambev-1024x576-1-696x392.jpeg 696w, https:\/\/tvtecjundiai.com.br\/news\/wp-content\/uploads\/sites\/2\/2020\/04\/mascara-pet-coronavirus-ambev-1024x576-1-696x392-300x169.jpeg 300w\" sizes=\"auto, (max-width: 500px) 100vw, 500px\" \/><\/a><p id=\"caption-attachment-51060\" class=\"wp-caption-text\">Equipamento come\u00e7a a ser produzido nesta quinta-feira (9) pela Ambev<\/p><\/div>\n<p>De acordo com a Ambev, equipamentos ser\u00e3o produzidos por uma empresa parceira do grupo localizada em Guarulhos (SP) e contam com avalia\u00e7\u00e3o t\u00e9cnica do Centro de Inova\u00e7\u00e3o da Universidade de S\u00e3o Paulo (Inova USP) e do Centro de Inova\u00e7\u00e3o do Hospital das Cl\u00ednicas da Faculdade de Medicina da USP (Inovahc).<\/p>\n<p>O Minist\u00e9rio da Sa\u00fade se encarregar\u00e1 de distribuir a produ\u00e7\u00e3o \u00e0s unidades hospitalares em todo o Pa\u00eds. &#8220;Estamos realmente focados em ajudar o Brasil nesse momento. Trabalhamos com todo o nosso ecossistema e com diversas \u00e1reas da companhia e com parceiros para chegarmos nessa solu\u00e7\u00e3o&#8221;, comenta Jean Jereissati, CEO da Ambev.<\/p>\n<p>Para a produ\u00e7\u00e3o dos protetores faciais, a Ambev diz que contou com a contribui\u00e7\u00e3o de parceiros desde a concep\u00e7\u00e3o da ideia, o desenvolvimento da t\u00e9cnica de produ\u00e7\u00e3o e a fabrica\u00e7\u00e3o dos equipamentos. Entre eles, est\u00e3o as empresas Africa e Bizsys.<\/p>\n<p><em>(Fonte: IG\/Imagem: Divulga\u00e7\u00e3o)<\/em><\/p>\n","protected":false},"excerpt":{"rendered":"<p>Equipamento come\u00e7a a ser produzido nesta quinta-feira (9) pela Ambev<\/p>\n","protected":false},"author":18,"featured_media":51060,"comment_status":"closed","ping_status":"closed","sticky":false,"template":"","format":"standard","meta":{"footnotes":""},"categories":[1,2839],"tags":[6242,6564,6497,6511,225],"class_list":["post-51011","post","type-post","status-publish","format-standard","has-post-thumbnail","hentry","category-noticias","category-saude","tag-coronavirus","tag-face-shield","tag-mascaras","tag-pandemia","tag-pet"],"_links":{"self":[{"href":"https:\/\/tvtecjundiai.com.br\/news\/wp-json\/wp\/v2\/posts\/51011","targetHints":{"allow":["GET"]}}],"collection":[{"href":"https:\/\/tvtecjundiai.com.br\/news\/wp-json\/wp\/v2\/posts"}],"about":[{"href":"https:\/\/tvtecjundiai.com.br\/news\/wp-json\/wp\/v2\/types\/post"}],"author":[{"embeddable":true,"href":"https:\/\/tvtecjundiai.com.br\/news\/wp-json\/wp\/v2\/users\/18"}],"replies":[{"embeddable":true,"href":"https:\/\/tvtecjundiai.com.br\/news\/wp-json\/wp\/v2\/comments?post=51011"}],"version-history":[{"count":5,"href":"https:\/\/tvtecjundiai.com.br\/news\/wp-json\/wp\/v2\/posts\/51011\/revisions"}],"predecessor-version":[{"id":51095,"href":"https:\/\/tvtecjundiai.com.br\/news\/wp-json\/wp\/v2\/posts\/51011\/revisions\/51095"}],"wp:featuredmedia":[{"embeddable":true,"href":"https:\/\/tvtecjundiai.com.br\/news\/wp-json\/wp\/v2\/media\/51060"}],"wp:attachment":[{"href":"https:\/\/tvtecjundiai.com.br\/news\/wp-json\/wp\/v2\/media?parent=51011"}],"wp:term":[{"taxonomy":"category","embeddable":true,"href":"https:\/\/tvtecjundiai.com.br\/news\/wp-json\/wp\/v2\/categories?post=51011"},{"taxonomy":"post_tag","embeddable":true,"href":"https:\/\/tvtecjundiai.com.br\/news\/wp-json\/wp\/v2\/tags?post=51011"}],"curies":[{"name":"wp","href":"https:\/\/api.w.org\/{rel}","templated":true}]}}