{"id":51045,"date":"2020-04-08T13:09:47","date_gmt":"2020-04-08T16:09:47","guid":{"rendered":"https:\/\/tvtecjundiai.com.br\/news\/?p=51045"},"modified":"2020-04-08T13:09:37","modified_gmt":"2020-04-08T16:09:37","slug":"brasil-registra-14-072-infectados-e-691-mortos-por-covid-19","status":"publish","type":"post","link":"https:\/\/tvtecjundiai.com.br\/news\/2020\/04\/08\/brasil-registra-14-072-infectados-e-691-mortos-por-covid-19\/","title":{"rendered":"Brasil registra 14.152  infectados e 700 mortos por Covid-19"},"content":{"rendered":"<div class=\"mc-column content-text active-extra-styles active-capital-letter\" data-block-type=\"unstyled\" data-block-weight=\"27\" data-block-id=\"1\">\n<div id=\"attachment_51046\" style=\"width: 473px\" class=\"wp-caption alignright\"><a href=\"https:\/\/tvtecjundiai.com.br\/news\/wp-content\/uploads\/sites\/2\/2020\/04\/1-5.jpg\"><img loading=\"lazy\" decoding=\"async\" aria-describedby=\"caption-attachment-51046\" class=\"wp-image-51046\" src=\"https:\/\/tvtecjundiai.com.br\/news\/wp-content\/uploads\/sites\/2\/2020\/04\/1-5-300x180.jpg\" alt=\"\" width=\"463\" height=\"278\" srcset=\"https:\/\/tvtecjundiai.com.br\/news\/wp-content\/uploads\/sites\/2\/2020\/04\/1-5-300x180.jpg 300w, https:\/\/tvtecjundiai.com.br\/news\/wp-content\/uploads\/sites\/2\/2020\/04\/1-5-768x461.jpg 768w, https:\/\/tvtecjundiai.com.br\/news\/wp-content\/uploads\/sites\/2\/2020\/04\/1-5.jpg 1086w\" sizes=\"auto, (max-width: 463px) 100vw, 463px\" \/><\/a><p id=\"caption-attachment-51046\" class=\"wp-caption-text\">S\u00e3o Paulo \u00e9 a cidade com mais casos em n\u00fameros absolutos: 3.754<\/p><\/div>\n<div class=\"mc-column content-text active-extra-styles active-capital-letter\" data-block-type=\"unstyled\" data-block-weight=\"27\" data-block-id=\"1\">\n<p class=\"content-text__container theme-color-primary-first-letter\" data-track-category=\"Link no Texto\" data-track-links=\"\">As secretarias estaduais de Sa\u00fade divulgaram, at\u00e9 as 10h30 desta quarta-feira (8),\u00a014.152 casos confirmados do\u00a0novo coronav\u00edrus (Sars-Cov-2)\u00a0no Brasil, com\u00a0700 mortes pela Covid-19.<\/p>\n<\/div>\n<div class=\"wall protected-content\">\n<div class=\"mc-column content-text active-extra-styles \" data-block-type=\"unstyled\" data-block-weight=\"37\" data-block-id=\"2\">\n<p class=\"content-text__container \" data-track-category=\"Link no Texto\" data-track-links=\"\">Amazonas,\u00a0Bahia\u00a0e\u00a0Cear\u00e1\u00a0confirmaram novos casos e mortes. No fim da noite de ter\u00e7a-feira (7), o\u00a0Maranh\u00e3o divulgou um novo balan\u00e7o\u00a0em que o n\u00famero de casos subiu para 270 e o de mortes, para 11.<\/p>\n<div class=\"mc-column content-text active-extra-styles \" data-block-type=\"unstyled\" data-block-weight=\"13\" data-block-id=\"6\">\n<p class=\"content-text__container \" data-track-category=\"Link no Texto\" data-track-links=\"\">Veja alguns dados sobre a\u00a0Covid-19 no Brasil\u00a0at\u00e9 as 10h30 desta quarta:<\/p>\n<\/div>\n<div class=\"mc-column content-text active-extra-styles\" data-block-type=\"raw\" data-block-weight=\"58\" data-block-id=\"7\">\n<ul class=\"content-unordered-list\">\n<li>Fortaleza (1.051 casos) \u00e9 a capital com maior incid\u00eancia da Covid-19: 34,7 casos a cada 100 mil habitantes<\/li>\n<li>S\u00e3o Paulo \u00e9 a cidade com mais casos em n\u00fameros absolutos: 3.754<\/li>\n<li><strong>Tocantins<\/strong>\u00a0\u00e9 o \u00fanico estado que n\u00e3o registrou mortes<\/li>\n<li>O<a href=\"https:\/\/g1.globo.com\/ce\/ceara\/noticia\/2020\/04\/06\/bebe-de-3-meses-diagnosticada-com-covid-19-morre-no-interior-do-ceara-por-complicacoes-respiratorias.ghtml\">\u00a0<\/a>mais jovem a morrer foi um beb\u00ea de tr\u00eas meses, em Iguatu (CE),\u00a0no dia 3 de abril<\/li>\n<\/ul>\n<\/div>\n<\/div>\n<\/div>\n<div class=\"mc-column content-text active-extra-styles\" data-block-type=\"raw\" data-block-weight=\"80\" data-block-id=\"7\">\n<p><em>(Fonte: G1\/Foto: Ag\u00eancia O Globo)<\/em><\/p>\n<\/div>\n<\/div>\n","protected":false},"excerpt":{"rendered":"<p>S\u00e3o Paulo \u00e9 a cidade com mais casos em n\u00fameros absolutos: 3.754<\/p>\n","protected":false},"author":13,"featured_media":51046,"comment_status":"closed","ping_status":"closed","sticky":false,"template":"","format":"standard","meta":{"footnotes":""},"categories":[1,2839],"tags":[1903,6526],"class_list":["post-51045","post","type-post","status-publish","format-standard","has-post-thumbnail","hentry","category-noticias","category-saude","tag-brasil","tag-novocoronavirus"],"_links":{"self":[{"href":"https:\/\/tvtecjundiai.com.br\/news\/wp-json\/wp\/v2\/posts\/51045","targetHints":{"allow":["GET"]}}],"collection":[{"href":"https:\/\/tvtecjundiai.com.br\/news\/wp-json\/wp\/v2\/posts"}],"about":[{"href":"https:\/\/tvtecjundiai.com.br\/news\/wp-json\/wp\/v2\/types\/post"}],"author":[{"embeddable":true,"href":"https:\/\/tvtecjundiai.com.br\/news\/wp-json\/wp\/v2\/users\/13"}],"replies":[{"embeddable":true,"href":"https:\/\/tvtecjundiai.com.br\/news\/wp-json\/wp\/v2\/comments?post=51045"}],"version-history":[{"count":3,"href":"https:\/\/tvtecjundiai.com.br\/news\/wp-json\/wp\/v2\/posts\/51045\/revisions"}],"predecessor-version":[{"id":51107,"href":"https:\/\/tvtecjundiai.com.br\/news\/wp-json\/wp\/v2\/posts\/51045\/revisions\/51107"}],"wp:featuredmedia":[{"embeddable":true,"href":"https:\/\/tvtecjundiai.com.br\/news\/wp-json\/wp\/v2\/media\/51046"}],"wp:attachment":[{"href":"https:\/\/tvtecjundiai.com.br\/news\/wp-json\/wp\/v2\/media?parent=51045"}],"wp:term":[{"taxonomy":"category","embeddable":true,"href":"https:\/\/tvtecjundiai.com.br\/news\/wp-json\/wp\/v2\/categories?post=51045"},{"taxonomy":"post_tag","embeddable":true,"href":"https:\/\/tvtecjundiai.com.br\/news\/wp-json\/wp\/v2\/tags?post=51045"}],"curies":[{"name":"wp","href":"https:\/\/api.w.org\/{rel}","templated":true}]}}